{"id":418,"date":"2011-02-02T09:51:32","date_gmt":"2011-02-02T07:51:32","guid":{"rendered":"http:\/\/www.lagota.ch\/?p=418"},"modified":"2011-02-02T09:52:27","modified_gmt":"2011-02-02T07:52:27","slug":"hau-ab-hosni-verschwinde-mubarak","status":"publish","type":"post","link":"https:\/\/www.lagota.ch\/?p=418","title":{"rendered":"&#8220;Hau ab, Hosni, verschwinde, Mubarak!&#8221;"},"content":{"rendered":"<p><strong><a href=\"https:\/\/www.lagota.ch\/wp-content\/uploads\/Demonstrators_on_Army_Truck_in_Tahrir_Square_Cairo.jpg\"><img loading=\"lazy\" decoding=\"async\" class=\"alignright size-medium wp-image-419\" title=\"Demonstrators on Army Truck in Tahrir Square, Cairo\" src=\"https:\/\/www.lagota.ch\/wp-content\/uploads\/Demonstrators_on_Army_Truck_in_Tahrir_Square_Cairo-300x225.jpg\" alt=\"\" width=\"300\" height=\"225\" srcset=\"https:\/\/www.lagota.ch\/wp-content\/uploads\/Demonstrators_on_Army_Truck_in_Tahrir_Square_Cairo-300x225.jpg 300w, https:\/\/www.lagota.ch\/wp-content\/uploads\/Demonstrators_on_Army_Truck_in_Tahrir_Square_Cairo.jpg 1024w\" sizes=\"auto, (max-width: 300px) 100vw, 300px\" \/><\/a>Der \u00e4gyptische Pr\u00e4sident Mubarak will bis zum Ende seiner Amtszeit bleiben; die Demonstranten am Tahrirplatz sind anderer Meinung<\/strong><\/p>\n<p>Hosni Mubarak ist kein Ben Ali. W\u00e4hrend dieser nach seiner dritten Rede an die aufgebrachte und nicht mehr zu beruhigende tunesische Bev\u00f6lkerung das Flugzeug bestieg, machte Mubarak heute abend in seiner dritten Ansprache, die er w\u00e4hrend der \u00e4gyptischen Proteste hielt, klar, dass er bleiben wird, aus Sorge um &#8220;sein Land&#8221;, &#8211; bis zum Ablauf seiner Amtszeit im September.<\/p>\n<p>Die dicht gedr\u00e4ngte Menge am Tahrirplatz in Kairo <a href=\"http:\/\/blogs.aljazeera.net\/middle-east\/2011\/01\/31\/live-blog-feb-1-egypt-protests\" target=\"_blank\">kommentierte<\/a> die Rede mit lauten Rufen: &#8220;Erhal erhal&#8221;, &#8220;Verschwinde!, Hau ab!&#8221;<\/p>\n<p>In seiner Rede bem\u00fchte Mubarak das Bild vom aufopferungsvollen, selbstlosen, geschichtsbewu\u00dften, patriotischen, freundlichen Landesvater, der \u00c4gypten dient und eine gro\u00dfe Verantwortung schultert, um f\u00fcr Sicherheit und Stabilit\u00e4t zu sorgen, was gerade jetzt, angesichts der Situation, die von &#8220;politischen Kr\u00e4ften manipuliert wurde&#8221;, besonders n\u00f6tig sei. Die meisten \u00c4gypter w\u00fcrden sich f\u00fcrchten und sich vor der Zukunft \u00e4ngstigen, er stelle sicher, dass sie von Chaos und Anarchie verschont bleiben, so die Botschaft Mubaraks, der damit auf Pl\u00fcnderungen der letzten Tage anspielt, als man die Polizeipr\u00e4senz zur\u00fcckgenommen hatte.<\/p>\n<p>Dar\u00fcberhinaus versuchte er sich als Staatschef darzustellen, der Reformen gegen\u00fcber aufgeschlossen sei, was sich auch an der Bildung einer neuen Regierung zeige, die den Forderungen der Jugend besonders aufgeschlossen gegen\u00fcbertreten werde.<\/p>\n<p>Die Rede des 81j\u00e4hrigen war an ein imaginiertes Geschichtsbuch adressiert &#8211; &#8220;I will be judged by history. Homeland will live on. People will not.&#8221; &#8211; und wurde mit viel Schminke vorgetragen, wor\u00fcber sich die Zuh\u00f6rer aus der Protestmenge offensichtlich nicht hinwegt\u00e4uschen lie\u00dfen. Al-Jazeera-TV lie\u00df Stimmen zu Wort kommen, die davon sprachen, dass man sich nicht l\u00e4nger einsch\u00fcchtern und hinhalten lassen werde und vor allem Mubarak f\u00fcr die miserable Situation im Land verantwortlich sei.<\/p>\n<p>Ob Mubarak durch seinem langsamen gesichtswahrenden R\u00fccktritt, der von einer ausgestellten Realit\u00e4tsblindheit und vom Gestus einer obsoleten staatsm\u00e4nnischen \u00dcberheblichkeit begleitet wird, politisch doch etwas bewirken konnte, wird sich erst in den n\u00e4chsten Tagen zeigen.<\/p>\n<p>Zwar d\u00fcrften wichtige politische Player, seine Regierung, auch die USA, Israel und andere regionale, Staaten begr\u00fc\u00dfen, was einen geordneten \u00dcbergang versprechen k\u00f6nnte, das muss aber nicht den Namen Mubarak tragen. Entscheidend ist, was in den n\u00e4chsten Tagen auf den Stra\u00dfen passiert. Wie viele Menschen die Protestbewegung weiterhin auf die Stra\u00dfe bringen kann, mit welchen Mitteln sie ihre Forderungen nach dem R\u00fccktritt Mubaraks durchsetzen wollen und wie die Sicherheitskr\u00e4fte &#8211; und Pro-Mubarak-Demonstranten &#8211; darauf reagieren werden. <a href=\"http:\/\/blogs.aljazeera.net\/middle-east\/2011\/01\/31\/live-blog-feb-1-egypt-protests\" target=\"_blank\">Angek\u00fcndigt<\/a> wird bereits ein gro\u00dfer Marsch am Freitag &#8211; &#8220;The Friday of Departure&#8221;.<\/p>\n<p>Es werden harte Tage, prophezeien Experten wie <a href=\"http:\/\/twitter.com\/abuaardvark\" target=\"_blank\">Marc Lynch<\/a>. Zusammenst\u00f6\u00dfe zwischen Demonstranten in PortSaid und in Alexandria heute abend, nachdem sich die Armee zur\u00fcckgezogen hatte, geben einen Vorgeschmack darauf.<\/p>\n<p>Quelle: <a href=\"http:\/\/www.heise.de\/tp\/blogs\/8\/149187\" target=\"_blank\">Telepolis<\/a><\/p>\n","protected":false},"excerpt":{"rendered":"<p>Hosni Mubarak ist kein Ben Ali. W\u00e4hrend dieser nach seiner dritten Rede an die aufgebrachte und nicht mehr zu beruhigende tunesische Bev\u00f6lkerung das Flugzeug bestieg, machte Mubarak heute abend in seiner dritten Ansprache, die er w\u00e4hrend der \u00e4gyptischen Proteste hielt, klar, dass er bleiben wird, aus Sorge um &#8220;sein Land&#8221;, &#8211; bis zum Ablauf seiner Amtszeit im September. <a href=\"https:\/\/www.lagota.ch\/?p=418\">Continue reading <span class=\"meta-nav\">&rarr;<\/span><\/a><\/p>\n","protected":false},"author":1,"featured_media":0,"comment_status":"open","ping_status":"open","sticky":false,"template":"","format":"standard","meta":{"footnotes":""},"categories":[10,6],"tags":[],"class_list":["post-418","post","type-post","status-publish","format-standard","hentry","category-aus-aller-welt","category-news"],"_links":{"self":[{"href":"https:\/\/www.lagota.ch\/index.php?rest_route=\/wp\/v2\/posts\/418","targetHints":{"allow":["GET"]}}],"collection":[{"href":"https:\/\/www.lagota.ch\/index.php?rest_route=\/wp\/v2\/posts"}],"about":[{"href":"https:\/\/www.lagota.ch\/index.php?rest_route=\/wp\/v2\/types\/post"}],"author":[{"embeddable":true,"href":"https:\/\/www.lagota.ch\/index.php?rest_route=\/wp\/v2\/users\/1"}],"replies":[{"embeddable":true,"href":"https:\/\/www.lagota.ch\/index.php?rest_route=%2Fwp%2Fv2%2Fcomments&post=418"}],"version-history":[{"count":2,"href":"https:\/\/www.lagota.ch\/index.php?rest_route=\/wp\/v2\/posts\/418\/revisions"}],"predecessor-version":[{"id":421,"href":"https:\/\/www.lagota.ch\/index.php?rest_route=\/wp\/v2\/posts\/418\/revisions\/421"}],"wp:attachment":[{"href":"https:\/\/www.lagota.ch\/index.php?rest_route=%2Fwp%2Fv2%2Fmedia&parent=418"}],"wp:term":[{"taxonomy":"category","embeddable":true,"href":"https:\/\/www.lagota.ch\/index.php?rest_route=%2Fwp%2Fv2%2Fcategories&post=418"},{"taxonomy":"post_tag","embeddable":true,"href":"https:\/\/www.lagota.ch\/index.php?rest_route=%2Fwp%2Fv2%2Ftags&post=418"}],"curies":[{"name":"wp","href":"https:\/\/api.w.org\/{rel}","templated":true}]}}