{"id":4190,"date":"2024-09-27T12:38:22","date_gmt":"2024-09-27T11:38:22","guid":{"rendered":"https:\/\/www.lagota.ch\/?p=4190"},"modified":"2024-09-27T12:38:22","modified_gmt":"2024-09-27T11:38:22","slug":"demonstration-zwischen-uns-keine-grenzen-am-28-september-2024-in-bern","status":"publish","type":"post","link":"https:\/\/www.lagota.ch\/?p=4190","title":{"rendered":"Demonstration \u00abZwischen uns keine Grenzen\u00bb am 28. September 2024 in Bern"},"content":{"rendered":"\n<p>Am 28. September 2024 organisiert Solidarit\u00e9 sans fronti\u00e8res\u00a0unter dem Motto \u00abZwischen uns keine Grenzen \u2013\u00a0f\u00fcr eine offene Gesellschaft der Vielen!\u00bb eine grosse Demonstration der Bewegung f\u00fcr das Recht auf Migration und Asyl. Zusammen mit mehr als 100 Organisationen und vielen Einzelpersonen setzen wir ein kraftvolles Zeichen f\u00fcr die Teilhabe aller und gegen Rassismus, Ausgrenzung und Entrechtung.<\/p>\n\n\n\n<figure class=\"wp-block-image size-large\"><a href=\"https:\/\/www.lagota.ch\/wp-content\/uploads\/INSTA_FINAL_BLANC3.jpg\"><img loading=\"lazy\" decoding=\"async\" width=\"1024\" height=\"1024\" src=\"https:\/\/www.lagota.ch\/wp-content\/uploads\/INSTA_FINAL_BLANC3-1024x1024.jpg\" alt=\"\" class=\"wp-image-4191\" srcset=\"https:\/\/www.lagota.ch\/wp-content\/uploads\/INSTA_FINAL_BLANC3-1024x1024.jpg 1024w, https:\/\/www.lagota.ch\/wp-content\/uploads\/INSTA_FINAL_BLANC3-300x300.jpg 300w, https:\/\/www.lagota.ch\/wp-content\/uploads\/INSTA_FINAL_BLANC3-150x150.jpg 150w, https:\/\/www.lagota.ch\/wp-content\/uploads\/INSTA_FINAL_BLANC3-768x768.jpg 768w, https:\/\/www.lagota.ch\/wp-content\/uploads\/INSTA_FINAL_BLANC3-1536x1536.jpg 1536w, https:\/\/www.lagota.ch\/wp-content\/uploads\/INSTA_FINAL_BLANC3-2048x2048.jpg 2048w\" sizes=\"auto, (max-width: 1024px) 100vw, 1024px\" \/><\/a><\/figure>\n\n\n\n<p><strong>Zwischen uns keine Grenzen \u2013 f\u00fcr eine offene Gesellschaft der Vielen!<\/strong><\/p>\n\n\n\n<p><strong>Gefl\u00fcchtete und Migrierte, Sans-Papiers und Illegalisierte, vorl\u00e4ufig Aufgenommene und Prekarisierte, Abgewiesene und Ausgebeutete, Eingeb\u00fcrgerte und Second@s , solidarische Menschen, Basisgruppen und Organisationen: Wir alle werden durch sichtbare und unsichtbare Grenzen getrennt.<\/strong><\/p>\n\n\n\n<p>An Europas Grenzen werden Z\u00e4une und Mauern immer l\u00e4nger und h\u00f6her. Die Bewegungsfreiheit von Menschen auf der Flucht wird massiv eingeschr\u00e4nkt. Gewalt, Elend und Tod sind zum Alltag geworden.<\/p>\n\n\n\n<p>Einmal in der Schweiz, werden Gefl\u00fcchtete in abgelegenen Camps isoliert. Wer nicht anerkannt wird, wird unter Zwang ausgeschafft oder landet in der zerm\u00fcrbenden Nothilfe. Das Asyl- und Migrationsregime ist gepr\u00e4gt von Ausgrenzung und Entrechtung.<\/p>\n\n\n\n<p>Anderen werden Bildung und Arbeit verwehrt, ihre Qualifikationen abgewertet, ihre Arbeitskraft ausgebeutet. Viele werden auf ihr Migrant:in-Sein reduziert und rassistisch ausgegrenzt. Ein Viertel der Bev\u00f6lkerung hat immer noch kein Stimmrecht, wird von politischen Entscheidungen ausgeschlossen und marginalisiert.<\/p>\n\n\n\n<p><strong>Am 28. September zeigen wir in Bern eine andere Realit\u00e4t: Wir alle sind Teil einer offenen und vielf\u00e4ltigen (post-)migrantischen Gesellschaft. Wir lassen uns nicht spalten. Wir wollen zwischen uns keine Grenzen!<\/strong><\/p>\n\n\n\n<p><strong>Wir fordern:<\/strong><\/p>\n\n\n\n<p><strong>\u2013 Bewegungsfreiheit statt Grenzen<\/strong><\/p>\n\n\n\n<p><strong>\u2013 Rechte und W\u00fcrde statt Illegalisierung<\/strong><\/p>\n\n\n\n<p><strong>\u2013 Soziale Teilhabe statt Prekarisierung<\/strong><\/p>\n\n\n\n<p><strong>\u2013 Partizipation statt Ausgrenzung<\/strong><\/p>\n","protected":false},"excerpt":{"rendered":"<p>Am 28. September 2024 organisiert Solidarit\u00e9 sans fronti\u00e8res\u00a0unter dem Motto \u00abZwischen uns keine Grenzen \u2013\u00a0f\u00fcr eine offene Gesellschaft der Vielen!\u00bb eine grosse Demonstration der Bewegung f\u00fcr das Recht auf Migration und Asyl. Zusammen mit mehr als 100 Organisationen und vielen &hellip; <a href=\"https:\/\/www.lagota.ch\/?p=4190\">Continue reading <span class=\"meta-nav\">&rarr;<\/span><\/a><\/p>\n","protected":false},"author":1,"featured_media":0,"comment_status":"closed","ping_status":"open","sticky":false,"template":"","format":"standard","meta":{"footnotes":""},"categories":[13,328,1413,406,16,4,108],"tags":[1236,102,66,1160,1529],"class_list":["post-4190","post","type-post","status-publish","format-standard","hentry","category-antifa","category-antira","category-festung-europa","category-migration","category-schweiz","category-veranstaltung","category-wirtschaftskrise","tag-asyl","tag-bern","tag-demo","tag-migration","tag-solidarite-sans-frontieres"],"_links":{"self":[{"href":"https:\/\/www.lagota.ch\/index.php?rest_route=\/wp\/v2\/posts\/4190","targetHints":{"allow":["GET"]}}],"collection":[{"href":"https:\/\/www.lagota.ch\/index.php?rest_route=\/wp\/v2\/posts"}],"about":[{"href":"https:\/\/www.lagota.ch\/index.php?rest_route=\/wp\/v2\/types\/post"}],"author":[{"embeddable":true,"href":"https:\/\/www.lagota.ch\/index.php?rest_route=\/wp\/v2\/users\/1"}],"replies":[{"embeddable":true,"href":"https:\/\/www.lagota.ch\/index.php?rest_route=%2Fwp%2Fv2%2Fcomments&post=4190"}],"version-history":[{"count":1,"href":"https:\/\/www.lagota.ch\/index.php?rest_route=\/wp\/v2\/posts\/4190\/revisions"}],"predecessor-version":[{"id":4192,"href":"https:\/\/www.lagota.ch\/index.php?rest_route=\/wp\/v2\/posts\/4190\/revisions\/4192"}],"wp:attachment":[{"href":"https:\/\/www.lagota.ch\/index.php?rest_route=%2Fwp%2Fv2%2Fmedia&parent=4190"}],"wp:term":[{"taxonomy":"category","embeddable":true,"href":"https:\/\/www.lagota.ch\/index.php?rest_route=%2Fwp%2Fv2%2Fcategories&post=4190"},{"taxonomy":"post_tag","embeddable":true,"href":"https:\/\/www.lagota.ch\/index.php?rest_route=%2Fwp%2Fv2%2Ftags&post=4190"}],"curies":[{"name":"wp","href":"https:\/\/api.w.org\/{rel}","templated":true}]}}