{"id":4204,"date":"2024-10-25T12:28:12","date_gmt":"2024-10-25T11:28:12","guid":{"rendered":"https:\/\/www.lagota.ch\/?p=4204"},"modified":"2024-10-25T12:28:12","modified_gmt":"2024-10-25T11:28:12","slug":"welt-kobane-tag-demo","status":"publish","type":"post","link":"https:\/\/www.lagota.ch\/?p=4204","title":{"rendered":"Welt-Koban\u00ea-Tag &#8211; Demo!"},"content":{"rendered":"\n<p><strong>Demonstration &#8211; 1. November 2024 &#8211; Ni Una Menos Platz, Z\u00fcrich &#8211; 19 Uhr<\/strong><\/p>\n\n\n\n<figure class=\"wp-block-image size-large\"><a href=\"https:\/\/www.lagota.ch\/wp-content\/uploads\/signal-2024-10-11-101643_002.jpg\"><img loading=\"lazy\" decoding=\"async\" width=\"724\" height=\"1024\" src=\"https:\/\/www.lagota.ch\/wp-content\/uploads\/signal-2024-10-11-101643_002-724x1024.jpg\" alt=\"\" class=\"wp-image-4205\" srcset=\"https:\/\/www.lagota.ch\/wp-content\/uploads\/signal-2024-10-11-101643_002-724x1024.jpg 724w, https:\/\/www.lagota.ch\/wp-content\/uploads\/signal-2024-10-11-101643_002-212x300.jpg 212w, https:\/\/www.lagota.ch\/wp-content\/uploads\/signal-2024-10-11-101643_002-768x1086.jpg 768w, https:\/\/www.lagota.ch\/wp-content\/uploads\/signal-2024-10-11-101643_002-1086x1536.jpg 1086w, https:\/\/www.lagota.ch\/wp-content\/uploads\/signal-2024-10-11-101643_002.jpg 1414w\" sizes=\"auto, (max-width: 724px) 100vw, 724px\" \/><\/a><\/figure>\n\n\n\n<p><strong>\u00dcBERALL IST KOBANE<\/strong><\/p>\n\n\n\n<p>Vor 10 Jahren blickte die Welt gebannt nach Kobane an der syrisch-t\u00fcrkischen Grenze. Die M\u00f6rderbanden des &#8220;Islamischen Staats&#8221; zogen nach Norden, nachdem sie zuvor in St\u00e4dten wie Mosul oder Rakka ihr Terrorregime ausgerufen hatten. Wir alle kannten die Berichte vom Genozid im \u015eengal-Gebirge, wo die Jesid:innen leben. Die Zeit stand still, man hielt den Atem an.<\/p>\n\n\n\n<p>Und dann widerstand Kobane. Freund:innen der kurdischen Freiheitsbewegung sicherten die Stadt, Internationalist:innen str\u00f6mten zur Grenze, um sich an der Verteidigung zu beteiligen. Weltweit gingen Hunderttausende auf die Strassen, um ihrerseits den dortigen, auch unsrigen Kampf zu unterst\u00fctzen. Schulter an Schulter, einmal quer durch die Welt, Solidarit\u00e4t heisst Widerstand.<\/p>\n\n\n\n<p>Wir atmeten ein, aus, die Spannung entlud sich und der &#8220;Islamische Staat&#8221; wurde zur\u00fcckgeschlagen. Langsam, aber beharrlich, bis das Kalifat ganz in Tr\u00fcmmern lag. Tr\u00fcmmer, auf denen das revolution\u00e4re Projekt Rojava weiter aufgebaut und verteidigt wurde, das seinerseits Symbol der Hoffnung geworden ist. Weil es zeigt, dass eine andere Gesellschaft m\u00f6glich ist.<\/p>\n\n\n\n<p>Heute, 10 Jahre nach der Schlacht um Kobane, erinnern wir an diesen Moment der Befreiung. Wir wissen zugleich um die anhaltenden Angriffe und Besetzungen durch die T\u00fcrkei, um die versuchte Sabotage des Projekts durch die Grossm\u00e4chte USA und Russland, um die Bedrohung durch islamistische Schl\u00e4ferzellen. Der Kampf f\u00fcr ein freies Rojava ist lange nicht vorbei.<\/p>\n\n\n\n<p>Wir wissen ebenfalls um ein Jahrzehnt Solidarit\u00e4t, um ein Jahrzehnt intensiven Austauschs und gegenseitiger Unterst\u00fctzung, um ein Jahrzehnt, an dessen Ende der Kampf der Kurd:innen f\u00fcr eine freie Gesellschaft zu den historischen K\u00e4mpfen unserer Zeit geh\u00f6rt. Kommen wir zusammen, gehen wir gemeinsam auf die Strasse, kn\u00fcpfen wir bei den vergangenen K\u00e4mpfen an und machen wir weiter!<\/p>\n\n\n\n<p><strong>\u00dcBERALL IST WIDERSTAND<\/strong><\/p>\n","protected":false},"excerpt":{"rendered":"<p>Demonstration &#8211; 1. November 2024 &#8211; Ni Una Menos Platz, Z\u00fcrich &#8211; 19 Uhr \u00dcBERALL IST KOBANE Vor 10 Jahren blickte die Welt gebannt nach Kobane an der syrisch-t\u00fcrkischen Grenze. Die M\u00f6rderbanden des &#8220;Islamischen Staats&#8221; zogen nach Norden, nachdem sie &hellip; <a href=\"https:\/\/www.lagota.ch\/?p=4204\">Continue reading <span class=\"meta-nav\">&rarr;<\/span><\/a><\/p>\n","protected":false},"author":1,"featured_media":0,"comment_status":"closed","ping_status":"open","sticky":false,"template":"","format":"standard","meta":{"footnotes":""},"categories":[1369,713,16,4],"tags":[66,1535,725,712,68,121],"class_list":["post-4204","post","type-post","status-publish","format-standard","hentry","category-antiimperialismus","category-kurdistan","category-schweiz","category-veranstaltung","tag-demo","tag-freiheitsbewegung","tag-islamische-staat","tag-kobane","tag-widerstand","tag-zurich"],"_links":{"self":[{"href":"https:\/\/www.lagota.ch\/index.php?rest_route=\/wp\/v2\/posts\/4204","targetHints":{"allow":["GET"]}}],"collection":[{"href":"https:\/\/www.lagota.ch\/index.php?rest_route=\/wp\/v2\/posts"}],"about":[{"href":"https:\/\/www.lagota.ch\/index.php?rest_route=\/wp\/v2\/types\/post"}],"author":[{"embeddable":true,"href":"https:\/\/www.lagota.ch\/index.php?rest_route=\/wp\/v2\/users\/1"}],"replies":[{"embeddable":true,"href":"https:\/\/www.lagota.ch\/index.php?rest_route=%2Fwp%2Fv2%2Fcomments&post=4204"}],"version-history":[{"count":1,"href":"https:\/\/www.lagota.ch\/index.php?rest_route=\/wp\/v2\/posts\/4204\/revisions"}],"predecessor-version":[{"id":4206,"href":"https:\/\/www.lagota.ch\/index.php?rest_route=\/wp\/v2\/posts\/4204\/revisions\/4206"}],"wp:attachment":[{"href":"https:\/\/www.lagota.ch\/index.php?rest_route=%2Fwp%2Fv2%2Fmedia&parent=4204"}],"wp:term":[{"taxonomy":"category","embeddable":true,"href":"https:\/\/www.lagota.ch\/index.php?rest_route=%2Fwp%2Fv2%2Fcategories&post=4204"},{"taxonomy":"post_tag","embeddable":true,"href":"https:\/\/www.lagota.ch\/index.php?rest_route=%2Fwp%2Fv2%2Ftags&post=4204"}],"curies":[{"name":"wp","href":"https:\/\/api.w.org\/{rel}","templated":true}]}}