{"id":4218,"date":"2025-01-13T10:34:08","date_gmt":"2025-01-13T09:34:08","guid":{"rendered":"https:\/\/www.lagota.ch\/?p=4218"},"modified":"2025-01-13T11:32:29","modified_gmt":"2025-01-13T10:32:29","slug":"smash-wef","status":"publish","type":"post","link":"https:\/\/www.lagota.ch\/?p=4218","title":{"rendered":"SMASH WEF"},"content":{"rendered":"\n<p><strong>SMASH WEF &#8211; SCHLUSS MIT DEM SPIEL DER M\u00c4CHTIGEN &#8211; EIN SCH\u00d6NES LEBEN F\u00dcR ALLE!<\/strong><\/p>\n\n\n\n<figure class=\"wp-block-image size-full\"><a href=\"https:\/\/www.lagota.ch\/wp-content\/uploads\/arton6791.jpg\"><img loading=\"lazy\" decoding=\"async\" width=\"710\" height=\"398\" src=\"https:\/\/www.lagota.ch\/wp-content\/uploads\/arton6791.jpg\" alt=\"\" class=\"wp-image-4219\" srcset=\"https:\/\/www.lagota.ch\/wp-content\/uploads\/arton6791.jpg 710w, https:\/\/www.lagota.ch\/wp-content\/uploads\/arton6791-300x168.jpg 300w\" sizes=\"auto, (max-width: 710px) 100vw, 710px\" \/><\/a><\/figure>\n\n\n\n<p>Stell dir vor, du lebst in einer Welt, in der alle das haben, was sie ben\u00f6tigen und niemand sich kaputt arbeiten muss f\u00fcr Arbeitgebende, die immer reicher werden. Klimakrise, Kriege, Wirtschaftskrisen, Diskriminierung und Unterdr\u00fcckung oder ganz einfach Kapitalismus \u2013 das ist es, was zwischen uns und dieser Welt liegt.<\/p>\n\n\n\n<p>Sinnbildlich f\u00fcr diese Auswirkungen des Kapitalismus steht das Weltwirtschaftsforum in Davos, auch wenn es in den letzten Jahren verzweifelt versuchte, diesen Ruf loszuwerden. Jahr f\u00fcr Jahr treffen sich im Januar Politiker*innen, R\u00fcstungskonzerne, Techriesen, Pharmakonzerne und vermeintlich gute Umweltorganisationen, um \u00fcber globale Probleme und Krisen zu debattieren. Dabei ignorieren diese einen fundamentalen Faktor: Sie sind Verursacherinnen dieser Krisen. Schon die Liste der Teilnehmenden zeigt uns, wie heuchlerisch das WEF ist. Denn zu diesen Mitgliedern geh\u00f6ren die tausend gr\u00f6\u00dften Konzerne der Welt, welche Teil des Problems und nicht der L\u00f6sung sind.<\/p>\n\n\n\n<p>Das WEF bietet zudem kriegstreiberischen Staaten wie der T\u00fcrkei, die t\u00e4glich das emanzipatorische Projekt Rojava in Nordsyrien angreifen, oder Israel, das einen Genozid gegen das pal\u00e4stinensische Volk ver\u00fcbt, indem es systematisch Zerst\u00f6rung, Vertreibungen und Unterdr\u00fcckung vorlebt, eine B\u00fchne. Konzerne wie der US-amerikanische Energiekonzern ExxonMobil, bei dem Zerst\u00f6rung von Regionen und Gemeinschaften an der Tagesordnung steht, Nestl\u00e9, welches Wasser privatisiert oder auch das chinesische Erdgas- und Mineral\u00f6lunternehmen Sinopec, das f\u00fcr verheerende Umweltkatastrophen mitverantwortlich ist.<\/p>\n\n\n\n<p>Alle Unternehmen, die sich am WEF beteiligen, sind ma\u00dfgeblich verantwortlich f\u00fcr das Leid, das auf der Welt herrscht. Sie unterst\u00fctzen die Staaten in ihrer Kriegstreiberei und machen damit Profit. Egal wie nachhaltig und sozial sich die Unternehmen und das WEF versuchen zu pr\u00e4sentieren, sie sind es, die von der kapitalistischen Ausbeutung profitieren. Der Kapitalismus als System kann nicht sozial oder nachhaltig sein, ausbeuterische Konzerne sind nur ein Ausdruck davon. Und wir als Gesellschaft \u2013 und am meisten die Jugend \u2013 leiden unter dem kapitalistischen System. Wir Jugendlichen m\u00fcssen uns in einer Welt, gepr\u00e4gt von Krieg und Krise, zurechtfinden und dann noch unter schei\u00df Bedingungen Lohnarbeit leisten.<\/p>\n\n\n\n<p>Doch wir wollen nicht weiter zusehen, wie profitgierige Unternehmen unsere Welt zerst\u00f6ren und die Gesellschaft unversch\u00e4mt ausbeuten. Die Welt ist kein Monopoly-Spiel und wir sind sicherlich nicht die Spielfiguren, die man einfach benutzen kann! Dr\u00fccken wir unsere Wut kollektiv auf der Stra\u00dfe aus und zeigen dem WEF und allen anderen Kapitalist*innen, dass wir uns nicht weiterhin verarschen lassen, denn Ausbeutung betrifft uns alle!<\/p>\n\n\n\n<p>Alle raus an die revolution\u00e4re NO-WEF Demonstration.<\/p>\n\n\n\n<p>SA 18.01.2025<br>15:00 Uhr<br>Bahnhofsplatz Bern<\/p>\n","protected":false},"excerpt":{"rendered":"<p>SMASH WEF &#8211; SCHLUSS MIT DEM SPIEL DER M\u00c4CHTIGEN &#8211; EIN SCH\u00d6NES LEBEN F\u00dcR ALLE! Stell dir vor, du lebst in einer Welt, in der alle das haben, was sie ben\u00f6tigen und niemand sich kaputt arbeiten muss f\u00fcr Arbeitgebende, die &hellip; <a href=\"https:\/\/www.lagota.ch\/?p=4218\">Continue reading <span class=\"meta-nav\">&rarr;<\/span><\/a><\/p>\n","protected":false},"author":1,"featured_media":0,"comment_status":"closed","ping_status":"open","sticky":false,"template":"","format":"standard","meta":{"footnotes":""},"categories":[1369,14,4,19],"tags":[102,1196,160,1153,465,1156],"class_list":["post-4218","post","type-post","status-publish","format-standard","hentry","category-antiimperialismus","category-arbeitskampf","category-veranstaltung","category-wef","tag-bern","tag-klimakrise","tag-krieg","tag-wef","tag-weltwirtschaftsforum","tag-wirtschaftskrise"],"_links":{"self":[{"href":"https:\/\/www.lagota.ch\/index.php?rest_route=\/wp\/v2\/posts\/4218","targetHints":{"allow":["GET"]}}],"collection":[{"href":"https:\/\/www.lagota.ch\/index.php?rest_route=\/wp\/v2\/posts"}],"about":[{"href":"https:\/\/www.lagota.ch\/index.php?rest_route=\/wp\/v2\/types\/post"}],"author":[{"embeddable":true,"href":"https:\/\/www.lagota.ch\/index.php?rest_route=\/wp\/v2\/users\/1"}],"replies":[{"embeddable":true,"href":"https:\/\/www.lagota.ch\/index.php?rest_route=%2Fwp%2Fv2%2Fcomments&post=4218"}],"version-history":[{"count":1,"href":"https:\/\/www.lagota.ch\/index.php?rest_route=\/wp\/v2\/posts\/4218\/revisions"}],"predecessor-version":[{"id":4220,"href":"https:\/\/www.lagota.ch\/index.php?rest_route=\/wp\/v2\/posts\/4218\/revisions\/4220"}],"wp:attachment":[{"href":"https:\/\/www.lagota.ch\/index.php?rest_route=%2Fwp%2Fv2%2Fmedia&parent=4218"}],"wp:term":[{"taxonomy":"category","embeddable":true,"href":"https:\/\/www.lagota.ch\/index.php?rest_route=%2Fwp%2Fv2%2Fcategories&post=4218"},{"taxonomy":"post_tag","embeddable":true,"href":"https:\/\/www.lagota.ch\/index.php?rest_route=%2Fwp%2Fv2%2Ftags&post=4218"}],"curies":[{"name":"wp","href":"https:\/\/api.w.org\/{rel}","templated":true}]}}