{"id":422,"date":"2011-02-06T12:42:26","date_gmt":"2011-02-06T10:42:26","guid":{"rendered":"http:\/\/www.lagota.ch\/?p=422"},"modified":"2011-02-06T12:42:26","modified_gmt":"2011-02-06T10:42:26","slug":"amnesty-verlangt-untersuchung-gegen-bush-wegen-folter","status":"publish","type":"post","link":"https:\/\/www.lagota.ch\/?p=422","title":{"rendered":"Amnesty verlangt Untersuchung gegen Bush wegen Folter"},"content":{"rendered":"<p><a href=\"https:\/\/www.lagota.ch\/wp-content\/uploads\/artikel5.jpg\"><img loading=\"lazy\" decoding=\"async\" class=\"alignright size-medium wp-image-423\" title=\"Verbot der Folter\" src=\"https:\/\/www.lagota.ch\/wp-content\/uploads\/artikel5-212x300.jpg\" alt=\"\" width=\"212\" height=\"300\" srcset=\"https:\/\/www.lagota.ch\/wp-content\/uploads\/artikel5-212x300.jpg 212w, https:\/\/www.lagota.ch\/wp-content\/uploads\/artikel5-723x1024.jpg 723w, https:\/\/www.lagota.ch\/wp-content\/uploads\/artikel5.jpg 786w\" sizes=\"auto, (max-width: 212px) 100vw, 212px\" \/><\/a>Eine Mitteilung von <a href=\"http:\/\/www.amnesty.ch\/de\/laender\/amerikas\/usa\/dok\/2011\/bush-schweiz-verlangt-verhaftung\" target=\"_blank\">Amnesty International<\/a>:<\/p>\n<p><strong>Bei einem Besuch des fr\u00fcheren US-Pr\u00e4sidenten Bush in der Schweiz, w\u00e4ren die Schweizer Beh\u00f6rden rechtlich verpflichtet, eine Untersuchung wegen Folter zu er\u00f6ffnen und Bush daf\u00fcr festzusetzen. Amnesty International hat eine entsprechende Eingabe an den Bundesrat und die Bundesanwaltschaft gerichtet. Inzwischen wurde der Bush-Besuch abgesagt.<\/strong><\/p>\n<p>Der fr\u00fchere US-Pr\u00e4sident wird nicht wie geplant am 12. Februar zu Besuch nach Genf kommen. Begr\u00fcndet wurde die Absage vom Veranstalter mit den \u00abKontroversen\u00bb, welche der Besuch im Vorfeld ausgel\u00f6st habe. Bestritten wurde, dass eine drohende Strafuntersuchung wegen Folter Bush von seinem Schweiz-Besuch abgehalten habe.<\/p>\n<p>Am 4. Februar haben die Bundesr\u00e4tinnen Calmy-Rey und Sommaruga, die Bundesanwaltschaft und der Genfer Staatsanwalt dicke Post von Amnesty International erhalten. Die umfangreichen Dossiers belegen, dass die Schweiz rechtlich verpflichtet w\u00e4re, eine strafrechtliche Untersuchung gegen den fr\u00fcheren Pr\u00e4sidenten Bush zu er\u00f6ffnen, falls er zu Besuch in die Schweiz kommt. Die Beh\u00f6rden m\u00fcssten Georg W. Bush verhaften oder andere rechtliche Massnahmen ergreifen, um seine Anwesenheit f\u00fcr die Untersuchung zu sichern.<\/p>\n<p>\u00abDie Verantwortung des fr\u00fcheren US-Pr\u00e4sidenten Bush f\u00fcr Folter und Misshandlung von Gefangenen im \u201aKrieg gegen den Terror\u2019 ist ausreichend bekannt und belegt\u00ab, erkl\u00e4rt Manon Schick, die Pressesprecherin von Amnesty International. \u00abEs ist nun Zeit, das dem Recht Geltung verschafft wird!\u00bb<\/p>\n<p>Pr\u00e4sident Bush hatte 2001 das CIA-Programm autorisiert, in welchem Gefangene in geheimer Haft gefoltert und an Folterstaaten ausgeliefert wurden. In seinen Memoiren hat sich George W. Bush \u00fcberdies freim\u00fctig dazu bekannt, pers\u00f6nlich Foltermethoden wie Waterboarding angeordnet zu haben.<\/p>\n<p><strong> Verantwortliche zur Rechenschaft ziehen<\/strong><\/p>\n<p>Amnesty International fordert von den USA seit sechs Jahren, dass die Verantwortlichen f\u00fcr Folter juristisch zur Rechenschaft gezogen &#8211; ohne Erfolg. \u00abDa die US-Beh\u00f6rden bis jetzt gescheitert sind, Pr\u00e4sident Bush vor Gericht zu bringen, muss nun die internationale Gemeinschaft aktiv werden\u00bb, fordert Salil Shetty, Generalsekret\u00e4r von Amnesty International.<\/p>\n<p>Bei einem Schweiz-Besuch von Bush, w\u00e4ren die Beh\u00f6rden laut Amnesty International zwingend dazu verpflichtet:<\/p>\n<ul>\n<li>eine strafrechtliche Untersuchung gegen Bush zu er\u00f6ffnen;<\/li>\n<\/ul>\n<ul>\n<li> Bush zu verhaften oder anderswie seine Pr\u00e4senz f\u00fcr das Verfahren zu sichern;<\/li>\n<\/ul>\n<ul>\n<li> oder den Fall an die Strafbeh\u00f6rden eines anderen Landes zu \u00fcbergeben, in welchem eine Untersuchung gegen Bush er\u00f6ffnet wird.<\/li>\n<\/ul>\n<p><strong>Internationale Verpflichtung, Folter zu ahnden<\/strong><\/p>\n<p>Die Verpflichtungen der Schweiz ergeben sich sowohl durch internationale Konventionen, welche die Schweiz ratifiziert hat, als auch durch das nationale Strafrecht. Rechtlich gebunden in dieser Frage ist die Schweiz insbesondere durch die Antifolter-Konvention der UNO sowie durch die entsprechenden Bestimmungen im Schweizer Strafgesetzbuch.<\/p>\n<p>\u00abIn welches Land Pr\u00e4sident Bush auch reisen m\u00f6chte, er wird immer f\u00fcrchten m\u00fcssen, dass er strafrechtlich verfolgt wird wegen seiner Verantwortung f\u00fcr Folter. Dieses Risiko besteht insbesondere in den 147 L\u00e4ndern, welche die Antifolter-Konvention der UNO ratifiziert haben\u00bb, erkl\u00e4rt Manon Schick von Amnesty.<\/p>\n<p>\u00ab<strong>Folter, Kriegsverbrechen und Verantwortlichkeit.<\/strong> Der Schweiz-Besuch des fr\u00fcheren Pr\u00e4sidenten George W. Bush und die Schweizer Verpflichtungen nach internationalem Recht\u00bb. Lesen Sie die Eingabe von Amnesty International an die Schweizer Beh\u00f6rden (in Englisch). <a href=\"http:\/\/www.amnesty.ch\/de\/laender\/amerikas\/usa\/dok\/2011\/bush-schweiz-verlangt-verhaftung\/bush-accountability\" target=\"_blank\">Download<\/a><\/p>\n","protected":false},"excerpt":{"rendered":"<p>Bei einem Besuch des fr\u00fcheren US-Pr\u00e4sidenten Bush in der Schweiz, w\u00e4ren die Schweizer Beh\u00f6rden rechtlich verpflichtet, eine Untersuchung wegen Folter zu er\u00f6ffnen und Bush daf\u00fcr festzusetzen. Amnesty International hat eine entsprechende Eingabe an den Bundesrat und die Bundesanwaltschaft gerichtet. Inzwischen wurde der Bush-Besuch abgesagt. <a href=\"https:\/\/www.lagota.ch\/?p=422\">Continue reading <span class=\"meta-nav\">&rarr;<\/span><\/a><\/p>\n","protected":false},"author":1,"featured_media":0,"comment_status":"open","ping_status":"open","sticky":false,"template":"","format":"standard","meta":{"footnotes":""},"categories":[10,6,16],"tags":[],"class_list":["post-422","post","type-post","status-publish","format-standard","hentry","category-aus-aller-welt","category-news","category-schweiz"],"_links":{"self":[{"href":"https:\/\/www.lagota.ch\/index.php?rest_route=\/wp\/v2\/posts\/422","targetHints":{"allow":["GET"]}}],"collection":[{"href":"https:\/\/www.lagota.ch\/index.php?rest_route=\/wp\/v2\/posts"}],"about":[{"href":"https:\/\/www.lagota.ch\/index.php?rest_route=\/wp\/v2\/types\/post"}],"author":[{"embeddable":true,"href":"https:\/\/www.lagota.ch\/index.php?rest_route=\/wp\/v2\/users\/1"}],"replies":[{"embeddable":true,"href":"https:\/\/www.lagota.ch\/index.php?rest_route=%2Fwp%2Fv2%2Fcomments&post=422"}],"version-history":[{"count":3,"href":"https:\/\/www.lagota.ch\/index.php?rest_route=\/wp\/v2\/posts\/422\/revisions"}],"predecessor-version":[{"id":426,"href":"https:\/\/www.lagota.ch\/index.php?rest_route=\/wp\/v2\/posts\/422\/revisions\/426"}],"wp:attachment":[{"href":"https:\/\/www.lagota.ch\/index.php?rest_route=%2Fwp%2Fv2%2Fmedia&parent=422"}],"wp:term":[{"taxonomy":"category","embeddable":true,"href":"https:\/\/www.lagota.ch\/index.php?rest_route=%2Fwp%2Fv2%2Fcategories&post=422"},{"taxonomy":"post_tag","embeddable":true,"href":"https:\/\/www.lagota.ch\/index.php?rest_route=%2Fwp%2Fv2%2Ftags&post=422"}],"curies":[{"name":"wp","href":"https:\/\/api.w.org\/{rel}","templated":true}]}}