{"id":4225,"date":"2025-01-20T18:08:45","date_gmt":"2025-01-20T17:08:45","guid":{"rendered":"https:\/\/www.lagota.ch\/?p=4225"},"modified":"2025-01-20T18:08:45","modified_gmt":"2025-01-20T17:08:45","slug":"demo-historische-kontinuitat-brechen-gegen-antisemitismus","status":"publish","type":"post","link":"https:\/\/www.lagota.ch\/?p=4225","title":{"rendered":"Demo Historische Kontinuit\u00e4t brechen \u2013 gegen Antisemitismus"},"content":{"rendered":"\n<p>2025 j\u00e4hrt sich zum 80. Mal die milit\u00e4rische Befreiung vom Konzentrationslager Auschwitz. Auschwitz steht symbolisch f\u00fcr ein unbeschreibliches Leid, welches durch die staatliche Vernichtungsmaschinerie des Nationalsozialismus umgesetzt wurde: f\u00fcr die Shoah, den j\u00fcdischen Begriff f\u00fcr den Holocaust, den Porajmos, den Genozid an den Sinti*zze und Rom*nja, wie auch die Massenmorde an anderen Verfolgten. 80 Jahre danach verblassen die Erinnerungen daran und die m\u00f6rderische Ideologie des Faschismus erstarkt wieder.<\/p>\n\n\n\n<figure class=\"wp-block-image size-large\"><a href=\"https:\/\/www.lagota.ch\/wp-content\/uploads\/flyer-9-scaled.jpg\"><img loading=\"lazy\" decoding=\"async\" width=\"724\" height=\"1024\" src=\"https:\/\/www.lagota.ch\/wp-content\/uploads\/flyer-9-724x1024.jpg\" alt=\"\" class=\"wp-image-4226\" srcset=\"https:\/\/www.lagota.ch\/wp-content\/uploads\/flyer-9-724x1024.jpg 724w, https:\/\/www.lagota.ch\/wp-content\/uploads\/flyer-9-212x300.jpg 212w, https:\/\/www.lagota.ch\/wp-content\/uploads\/flyer-9-768x1086.jpg 768w, https:\/\/www.lagota.ch\/wp-content\/uploads\/flyer-9-1086x1536.jpg 1086w, https:\/\/www.lagota.ch\/wp-content\/uploads\/flyer-9-1448x2048.jpg 1448w, https:\/\/www.lagota.ch\/wp-content\/uploads\/flyer-9-scaled.jpg 1810w\" sizes=\"auto, (max-width: 724px) 100vw, 724px\" \/><\/a><\/figure>\n\n\n\n<p>Auschwitz war jedoch weder der Anfang noch das Ende des Antisemitismus. Bereits im Mittelalter war die j\u00fcdische Geschichte, so wie in Bern, gepr\u00e4gt von Pogromen aufgrund von Ritualmordvorw\u00fcrfen und antisemitischen Verschw\u00f6rungserz\u00e4hlungen. Mehrmals wurde die j\u00fcdische Bev\u00f6lkerung fast vollst\u00e4ndig vertrieben, alte historische Einrichtungen wurden zerst\u00f6rt oder enteignet. W\u00e4hrend dem Zweiten Weltkrieg wurden an der schweizer Grenze j\u00fcdische Personen und auch politische Verfolgte zur\u00fcckgewiesen oder im Inland verhaftet und ausgeschafft. Die J\u00fcdin C\u00e9line Zagiel wird auf dem j\u00fcdischen Friedhof in Bern verhaftet, nach Frankreich ausgeschafft und stirbt in Auschwitz. Auch in der Schweiz w\u00fctet die t\u00f6dliche Gewalt, so wird der Berner Jude Arthur Bloch von Sympathisanten des Nationalsozialismus ermordet. Unter dem Deckmantel der Neutralit\u00e4t f\u00fcllten sich derweil die Tresore der schweizer Banken mit Gold und Wertgegenst\u00e4nden u.a. von enteigneten J\u00fcdinnen und Juden. Auch in j\u00fcngerer Gegenwart ist Antisemitismus pr\u00e4sent. W\u00e4hrend der Corona-Pandemie waren die sogenannte \u00abAnti-Corona\u00bb-Demonstrationen gepr\u00e4gt von antisemitischen Symbolen und Parolen. Dies sind nur einige Beispiele, die zeigen, wie Antisemitismus \u00fcber Jahrhunderte hinweg zu finden ist.<\/p>\n\n\n\n<p>Antisemitismus ist seit der Entstehung des Faschismus fester Bestandteil der Ideologie. Dar\u00fcber kann auch ihr vermeintlicher Kampf gegen Antisemitismus nicht t\u00e4uschen. Die Antisemitismuskritik von rechts dient allzu oft der Propaganda des eigenen antimuslimischen Rassismus.<\/p>\n\n\n\n<p>Von Umfragen, \u00fcber Recherchen bis hin zu Anschl\u00e4gen wie in Halle zeigt sich klar, dass die gr\u00f6sste Bedrohung weiterhin von rechts kommt. Klar ist aber auch, dass Antisemitismus in allen Bereichen in der Gesellschaft zu finden ist und somit auch \u00fcberall thematisiert, sowie bek\u00e4mpft werden muss. Das bedeutet, dass auch in unseren Kreisen eine Auseinandersetzung mit Antisemitismus stattfinden muss, welche verschiedene Unterdr\u00fcckungsformen nicht gegeneinander ausspielt, sondern verbindet. Deswegen unterst\u00fctzen wir das B\u00fcndnis <a href=\"https:\/\/erinnern-heisst-leben.ch\/\">\u00abErinnern heisst Leben \u2013 gegen Antisemitismus\u00bb<\/a>, welche aktuell eine Veranstaltungsreihe zwischen der Reichspogromnacht und dem 80. Jahrestag der Auschwitzbefreiung zu den verschiedenen Aspekten der historischen Entwicklung des Antisemitismus organisiert.<br>Gehen wir am 01. Februar auf die Strasse. Es ist Zeit f\u00fcr ein Ende! Brechen wir die historische Kontinuit\u00e4t des Antisemitismus<\/p>\n\n\n\n<p><\/p>\n","protected":false},"excerpt":{"rendered":"<p>2025 j\u00e4hrt sich zum 80. Mal die milit\u00e4rische Befreiung vom Konzentrationslager Auschwitz. Auschwitz steht symbolisch f\u00fcr ein unbeschreibliches Leid, welches durch die staatliche Vernichtungsmaschinerie des Nationalsozialismus umgesetzt wurde: f\u00fcr die Shoah, den j\u00fcdischen Begriff f\u00fcr den Holocaust, den Porajmos, den &hellip; <a href=\"https:\/\/www.lagota.ch\/?p=4225\">Continue reading <span class=\"meta-nav\">&rarr;<\/span><\/a><\/p>\n","protected":false},"author":1,"featured_media":0,"comment_status":"closed","ping_status":"open","sticky":false,"template":"","format":"standard","meta":{"footnotes":""},"categories":[13,16,4],"tags":[332,1548,932,1549,1547],"class_list":["post-4225","post","type-post","status-publish","format-standard","hentry","category-antifa","category-schweiz","category-veranstaltung","tag-antisemitismus","tag-auschwitz","tag-faschismus","tag-genozid","tag-shoah"],"_links":{"self":[{"href":"https:\/\/www.lagota.ch\/index.php?rest_route=\/wp\/v2\/posts\/4225","targetHints":{"allow":["GET"]}}],"collection":[{"href":"https:\/\/www.lagota.ch\/index.php?rest_route=\/wp\/v2\/posts"}],"about":[{"href":"https:\/\/www.lagota.ch\/index.php?rest_route=\/wp\/v2\/types\/post"}],"author":[{"embeddable":true,"href":"https:\/\/www.lagota.ch\/index.php?rest_route=\/wp\/v2\/users\/1"}],"replies":[{"embeddable":true,"href":"https:\/\/www.lagota.ch\/index.php?rest_route=%2Fwp%2Fv2%2Fcomments&post=4225"}],"version-history":[{"count":1,"href":"https:\/\/www.lagota.ch\/index.php?rest_route=\/wp\/v2\/posts\/4225\/revisions"}],"predecessor-version":[{"id":4227,"href":"https:\/\/www.lagota.ch\/index.php?rest_route=\/wp\/v2\/posts\/4225\/revisions\/4227"}],"wp:attachment":[{"href":"https:\/\/www.lagota.ch\/index.php?rest_route=%2Fwp%2Fv2%2Fmedia&parent=4225"}],"wp:term":[{"taxonomy":"category","embeddable":true,"href":"https:\/\/www.lagota.ch\/index.php?rest_route=%2Fwp%2Fv2%2Fcategories&post=4225"},{"taxonomy":"post_tag","embeddable":true,"href":"https:\/\/www.lagota.ch\/index.php?rest_route=%2Fwp%2Fv2%2Ftags&post=4225"}],"curies":[{"name":"wp","href":"https:\/\/api.w.org\/{rel}","templated":true}]}}