{"id":4235,"date":"2025-02-12T10:50:21","date_gmt":"2025-02-12T09:50:21","guid":{"rendered":"https:\/\/www.lagota.ch\/?p=4235"},"modified":"2025-02-12T10:50:21","modified_gmt":"2025-02-12T09:50:21","slug":"veranstaltung-arbeitskampfe-in-der-stahlindustrie","status":"publish","type":"post","link":"https:\/\/www.lagota.ch\/?p=4235","title":{"rendered":"Veranstaltung: Arbeitsk\u00e4mpfe in der Stahlindustrie"},"content":{"rendered":"\n<p>\ud83c\udfed Veranstaltung: Arbeitsk\u00e4mpfe in der Stahlindustrie<br>\ud83d\udd25 Was ist geschehen? Wie geht es weiter?<\/p>\n\n\n\n<figure class=\"wp-block-image size-large\"><a href=\"https:\/\/www.lagota.ch\/wp-content\/uploads\/signal-2025-02-07-182407_002.jpeg\"><img loading=\"lazy\" decoding=\"async\" width=\"1024\" height=\"1024\" src=\"https:\/\/www.lagota.ch\/wp-content\/uploads\/signal-2025-02-07-182407_002-1024x1024.jpeg\" alt=\"\" class=\"wp-image-4236\" srcset=\"https:\/\/www.lagota.ch\/wp-content\/uploads\/signal-2025-02-07-182407_002-1024x1024.jpeg 1024w, https:\/\/www.lagota.ch\/wp-content\/uploads\/signal-2025-02-07-182407_002-300x300.jpeg 300w, https:\/\/www.lagota.ch\/wp-content\/uploads\/signal-2025-02-07-182407_002-150x150.jpeg 150w, https:\/\/www.lagota.ch\/wp-content\/uploads\/signal-2025-02-07-182407_002-768x768.jpeg 768w, https:\/\/www.lagota.ch\/wp-content\/uploads\/signal-2025-02-07-182407_002.jpeg 1080w\" sizes=\"auto, (max-width: 1024px) 100vw, 1024px\" \/><\/a><\/figure>\n\n\n\n<p>\ud83d\uddd3 Do., 13.02.<br>\ud83d\udd56 T\u00fcr: 19:00<br>\ud83d\udd62 Start: 19:30<br>\ud83d\udccd R\u00e4Zel (Horwerstr. 14, Luzern)<\/p>\n\n\n\n<p>\ud83d\udc65 Orga: AG Stahlindustrie des Klimastreik CH &amp; Klimastreik Zentralschweiz<br>\ud83d\udde3 Gast: Ma\u00ebl M\u00fchlemann von der UNIA<\/p>\n\n\n\n<p>Ende 2024 wurden in den letzten beiden Stahlwerken der Schweiz Umstrukturierungen und Entlassungen angek\u00fcndigt. Nach Protesten und Verhandlungen wurde ein Rettungsplan beschlossen, der den Werken hilft, CHF 25 Mio. zu sparen.<\/p>\n\n\n\n<p>In Gerlafingen wurden 120 Entlassungen verhindert. Steeltec in Emmenbr\u00fccke hat noch nicht entschieden, ob sie den Deal annehmen. Dort sind weiterhin 50 Entlassungen geplant. Dies hat drastische Folgen f\u00fcr die Arbeiter*innen.<\/p>\n\n\n\n<p>Stahl ist wichtig f\u00fcr Z\u00fcge, Trams und Windr\u00e4der. Bei Steeltec wird Altmetall zu neuem Stahl verarbeitet. An einer Veranstaltung wird \u00fcber die Situation bei Steeltec und die Verbindung zur Klimabewegung gesprochen.<\/p>\n","protected":false},"excerpt":{"rendered":"<p>\ud83c\udfed Veranstaltung: Arbeitsk\u00e4mpfe in der Stahlindustrie\ud83d\udd25 Was ist geschehen? Wie geht es weiter? \ud83d\uddd3 Do., 13.02.\ud83d\udd56 T\u00fcr: 19:00\ud83d\udd62 Start: 19:30\ud83d\udccd R\u00e4Zel (Horwerstr. 14, Luzern) \ud83d\udc65 Orga: AG Stahlindustrie des Klimastreik CH &amp; Klimastreik Zentralschweiz\ud83d\udde3 Gast: Ma\u00ebl M\u00fchlemann von der UNIA &hellip; <a href=\"https:\/\/www.lagota.ch\/?p=4235\">Continue reading <span class=\"meta-nav\">&rarr;<\/span><\/a><\/p>\n","protected":false},"author":1,"featured_media":0,"comment_status":"closed","ping_status":"open","sticky":false,"template":"","format":"standard","meta":{"footnotes":""},"categories":[14,11,4,108],"tags":[1150,1148,1556,226],"class_list":["post-4235","post","type-post","status-publish","format-standard","hentry","category-arbeitskampf","category-luzern","category-veranstaltung","category-wirtschaftskrise","tag-arbeitskampf","tag-luzern","tag-stahlindustrie","tag-unia"],"_links":{"self":[{"href":"https:\/\/www.lagota.ch\/index.php?rest_route=\/wp\/v2\/posts\/4235","targetHints":{"allow":["GET"]}}],"collection":[{"href":"https:\/\/www.lagota.ch\/index.php?rest_route=\/wp\/v2\/posts"}],"about":[{"href":"https:\/\/www.lagota.ch\/index.php?rest_route=\/wp\/v2\/types\/post"}],"author":[{"embeddable":true,"href":"https:\/\/www.lagota.ch\/index.php?rest_route=\/wp\/v2\/users\/1"}],"replies":[{"embeddable":true,"href":"https:\/\/www.lagota.ch\/index.php?rest_route=%2Fwp%2Fv2%2Fcomments&post=4235"}],"version-history":[{"count":1,"href":"https:\/\/www.lagota.ch\/index.php?rest_route=\/wp\/v2\/posts\/4235\/revisions"}],"predecessor-version":[{"id":4237,"href":"https:\/\/www.lagota.ch\/index.php?rest_route=\/wp\/v2\/posts\/4235\/revisions\/4237"}],"wp:attachment":[{"href":"https:\/\/www.lagota.ch\/index.php?rest_route=%2Fwp%2Fv2%2Fmedia&parent=4235"}],"wp:term":[{"taxonomy":"category","embeddable":true,"href":"https:\/\/www.lagota.ch\/index.php?rest_route=%2Fwp%2Fv2%2Fcategories&post=4235"},{"taxonomy":"post_tag","embeddable":true,"href":"https:\/\/www.lagota.ch\/index.php?rest_route=%2Fwp%2Fv2%2Ftags&post=4235"}],"curies":[{"name":"wp","href":"https:\/\/api.w.org\/{rel}","templated":true}]}}