{"id":4242,"date":"2025-02-20T13:35:54","date_gmt":"2025-02-20T12:35:54","guid":{"rendered":"https:\/\/www.lagota.ch\/?p=4242"},"modified":"2025-02-20T13:35:54","modified_gmt":"2025-02-20T12:35:54","slug":"demo-gegen-die-afd-am-22-februar-in-einsiedeln","status":"publish","type":"post","link":"https:\/\/www.lagota.ch\/?p=4242","title":{"rendered":"Demo gegen die AFD am 22. Februar in Einsiedeln"},"content":{"rendered":"\n<pre class=\"wp-block-preformatted\"><strong>22. Februar 2025 um 14h \nin Einsiedeln am Dorfplatz\n\n\nDie Demo wurde genehmigt! <\/strong><\/pre>\n\n\n\n<pre class=\"wp-block-preformatted\"><strong>Achtung Ortwechsel, wir starten nicht mehr vom Bahnhof \nsondern vom Dorfplatz!\n\n\n<\/strong><\/pre>\n\n\n\n<figure class=\"wp-block-image size-large\"><a href=\"https:\/\/www.lagota.ch\/wp-content\/uploads\/signal-2025-02-13-202104_002.png\"><img loading=\"lazy\" decoding=\"async\" width=\"1024\" height=\"256\" src=\"https:\/\/www.lagota.ch\/wp-content\/uploads\/signal-2025-02-13-202104_002-1024x256.png\" alt=\"\" class=\"wp-image-4243\" srcset=\"https:\/\/www.lagota.ch\/wp-content\/uploads\/signal-2025-02-13-202104_002-1024x256.png 1024w, https:\/\/www.lagota.ch\/wp-content\/uploads\/signal-2025-02-13-202104_002-300x75.png 300w, https:\/\/www.lagota.ch\/wp-content\/uploads\/signal-2025-02-13-202104_002-768x192.png 768w, https:\/\/www.lagota.ch\/wp-content\/uploads\/signal-2025-02-13-202104_002-1536x384.png 1536w, https:\/\/www.lagota.ch\/wp-content\/uploads\/signal-2025-02-13-202104_002.png 2000w\" sizes=\"auto, (max-width: 1024px) 100vw, 1024px\" \/><\/a><\/figure>\n\n\n\n<p>\u270a Lasst uns internationale Solidarit\u00e4t gegen den Rechtsruck zeigen!<\/p>\n\n\n\n<p>\ud83e\udea7 Demo gegen die AFD am 22. Februar in Einseidlen \u2013 Wohnort von Alice Weidel Co-Partei Chefin der AFD.<\/p>\n\n\n\n<p>\ud83d\uddf3\ufe0f In Deutschland finden am 23. Februar Wahlen statt. Die Rechten, werden dort immer extremer und immer st\u00e4rker. Sie werden wahrscheinlich die beiden st\u00e4rksten Parteien stellen und in den kommenden Jahren die Gesetzgebung kontrollieren k\u00f6nnen. Gesetze, die ganz Europa betreffen, auch uns.<\/p>\n\n\n\n<p>\ud83d\udde3\ufe0f In ganz Deutschland finden Demonstrationen statt, um dagegen zu protestieren.<\/p>\n\n\n\n<p>\ud83e\udd1d Zeigen wir unsere Ablehnung und Solidarit\u00e4t mit unseren Nachbaris, mit einer bunte und friedliche Demonstration!<\/p>\n\n\n\n<p>\ud83d\udccd Wir treffen uns am Samstag, den 22. Februar um 14 Uhr am Dorfplatz von Einsiedeln!<\/p>\n\n\n\n<p>\ud83d\udc55 Nehmt bunte und queere Kleidung und Fahnen mit \ud83d\ude09 \ud83c\udf08<\/p>\n\n\n\n<p>\ud83d\udcac Du hast was zu sagen? Vorbereite gerne eine Rede f\u00fcr die Demo!<\/p>\n","protected":false},"excerpt":{"rendered":"<p>22. Februar 2025 um 14h in Einsiedeln am Dorfplatz Die Demo wurde genehmigt! Achtung Ortwechsel, wir starten nicht mehr vom Bahnhof sondern vom Dorfplatz! \u270a Lasst uns internationale Solidarit\u00e4t gegen den Rechtsruck zeigen! \ud83e\udea7 Demo gegen die AFD am 22. &hellip; <a href=\"https:\/\/www.lagota.ch\/?p=4242\">Continue reading <span class=\"meta-nav\">&rarr;<\/span><\/a><\/p>\n","protected":false},"author":1,"featured_media":0,"comment_status":"closed","ping_status":"open","sticky":false,"template":"","format":"standard","meta":{"footnotes":""},"categories":[13,16,4],"tags":[1031,66,1558,1559,1557],"class_list":["post-4242","post","type-post","status-publish","format-standard","hentry","category-antifa","category-schweiz","category-veranstaltung","tag-afd","tag-demo","tag-einsiedeln","tag-fckafd","tag-weidel"],"_links":{"self":[{"href":"https:\/\/www.lagota.ch\/index.php?rest_route=\/wp\/v2\/posts\/4242","targetHints":{"allow":["GET"]}}],"collection":[{"href":"https:\/\/www.lagota.ch\/index.php?rest_route=\/wp\/v2\/posts"}],"about":[{"href":"https:\/\/www.lagota.ch\/index.php?rest_route=\/wp\/v2\/types\/post"}],"author":[{"embeddable":true,"href":"https:\/\/www.lagota.ch\/index.php?rest_route=\/wp\/v2\/users\/1"}],"replies":[{"embeddable":true,"href":"https:\/\/www.lagota.ch\/index.php?rest_route=%2Fwp%2Fv2%2Fcomments&post=4242"}],"version-history":[{"count":1,"href":"https:\/\/www.lagota.ch\/index.php?rest_route=\/wp\/v2\/posts\/4242\/revisions"}],"predecessor-version":[{"id":4244,"href":"https:\/\/www.lagota.ch\/index.php?rest_route=\/wp\/v2\/posts\/4242\/revisions\/4244"}],"wp:attachment":[{"href":"https:\/\/www.lagota.ch\/index.php?rest_route=%2Fwp%2Fv2%2Fmedia&parent=4242"}],"wp:term":[{"taxonomy":"category","embeddable":true,"href":"https:\/\/www.lagota.ch\/index.php?rest_route=%2Fwp%2Fv2%2Fcategories&post=4242"},{"taxonomy":"post_tag","embeddable":true,"href":"https:\/\/www.lagota.ch\/index.php?rest_route=%2Fwp%2Fv2%2Ftags&post=4242"}],"curies":[{"name":"wp","href":"https:\/\/api.w.org\/{rel}","templated":true}]}}