{"id":4264,"date":"2025-04-14T09:25:53","date_gmt":"2025-04-14T08:25:53","guid":{"rendered":"https:\/\/www.lagota.ch\/?p=4264"},"modified":"2025-04-14T09:25:53","modified_gmt":"2025-04-14T08:25:53","slug":"1-mai-2025-solidaritat-statt-hetze-gemeinsam-stark","status":"publish","type":"post","link":"https:\/\/www.lagota.ch\/?p=4264","title":{"rendered":"1. Mai 2025: Solidarit\u00e4t statt Hetze \u2013 gemeinsam stark!"},"content":{"rendered":"\n<p><strong>Ungleichheiten und damit die berechtigte Unzufriedenheit vieler Menschen nehmen zu. Statt L\u00f6sungen zu bieten, etwa f\u00fcr den Kaufkraftverlust oder die steigenden Mieten, lenken liberale Politiker:innen ab: mit Nationalismus und fremdenfeindlicher Rhetorik. Die Verantwortung schieben sie auf Gefl\u00fcchtete und Migrant:innen und machen sie zu S\u00fcndenb\u00f6cken.<\/strong><br><br>Ein alarmierendes Beispiel dieser Entwicklung ist die gef\u00e4hrliche SVP-Initiative gegen eine \u00ab10-Millionen-Schweiz\u00bb, die im Fr\u00fchling im Parlament diskutiert wird. Diese Abschottungsinitiative f\u00fchrt zum Ende der Personenfreiz\u00fcgigkeit und des Lohnschutzes und fordert einen noch h\u00e4rteren Kurs in der Asylpolitik.<\/p>\n\n\n\n<figure class=\"wp-block-image size-large\"><a href=\"https:\/\/www.lagota.ch\/wp-content\/uploads\/2025-05-01-Socials-square-DE.jpg\"><img loading=\"lazy\" decoding=\"async\" width=\"1024\" height=\"1024\" src=\"https:\/\/www.lagota.ch\/wp-content\/uploads\/2025-05-01-Socials-square-DE-1024x1024.jpg\" alt=\"\" class=\"wp-image-4265\" srcset=\"https:\/\/www.lagota.ch\/wp-content\/uploads\/2025-05-01-Socials-square-DE-1024x1024.jpg 1024w, https:\/\/www.lagota.ch\/wp-content\/uploads\/2025-05-01-Socials-square-DE-300x300.jpg 300w, https:\/\/www.lagota.ch\/wp-content\/uploads\/2025-05-01-Socials-square-DE-150x150.jpg 150w, https:\/\/www.lagota.ch\/wp-content\/uploads\/2025-05-01-Socials-square-DE-768x768.jpg 768w, https:\/\/www.lagota.ch\/wp-content\/uploads\/2025-05-01-Socials-square-DE-1536x1536.jpg 1536w, https:\/\/www.lagota.ch\/wp-content\/uploads\/2025-05-01-Socials-square-DE-2048x2048.jpg 2048w\" sizes=\"auto, (max-width: 1024px) 100vw, 1024px\" \/><\/a><\/figure>\n\n\n\n<h2 class=\"wp-block-heading\">Da schauen wir nicht tatenlos zu!<\/h2>\n\n\n\n<p>Stehen wir zusammen! Wir setzen diesen Angriffen unser Engagement f\u00fcr sozialen Fortschritt, f\u00fcr gerecht verteilten Wohlstand, f\u00fcr Gerechtigkeit und Gleichstellung entgegen. Gemeinsam k\u00f6nnen wir nicht nur den Abbau verhindern, sondern auch Verbesserungen erzielen.<\/p>\n\n\n\n<h2 class=\"wp-block-heading\">Komm mit uns auf die Strasse!<\/h2>\n\n\n\n<p>\u00abSolidarit\u00e4t statt Hetze \u2013 gemeinsam stark!\u00bb Unter diesem Motto gehen wir am diesj\u00e4hrigen Tag der Arbeit zu Tausenden auf die Strasse. Mit unserer breiten Mobilisierung am 1. Mai wehren wir uns<\/p>\n\n\n\n<p>gegen den Sozialabbau und die Umverteilung nach oben<\/p>\n\n\n\n<p>gegen die Ausgrenzung von Menschen mit Migrationshintergrund<\/p>\n\n\n\n<p>gegen die S\u00fcndenbockpolitik auf dem R\u00fccken von Minderheiten<\/p>\n","protected":false},"excerpt":{"rendered":"<p>Ungleichheiten und damit die berechtigte Unzufriedenheit vieler Menschen nehmen zu. Statt L\u00f6sungen zu bieten, etwa f\u00fcr den Kaufkraftverlust oder die steigenden Mieten, lenken liberale Politiker:innen ab: mit Nationalismus und fremdenfeindlicher Rhetorik. Die Verantwortung schieben sie auf Gefl\u00fcchtete und Migrant:innen und &hellip; <a href=\"https:\/\/www.lagota.ch\/?p=4264\">Continue reading <span class=\"meta-nav\">&rarr;<\/span><\/a><\/p>\n","protected":false},"author":1,"featured_media":0,"comment_status":"closed","ping_status":"open","sticky":false,"template":"","format":"standard","meta":{"footnotes":""},"categories":[14,11,4],"tags":[1374,1148,30,226],"class_list":["post-4264","post","type-post","status-publish","format-standard","hentry","category-arbeitskampf","category-luzern","category-veranstaltung","tag-1-mai-2","tag-luzern","tag-solidaritat","tag-unia"],"_links":{"self":[{"href":"https:\/\/www.lagota.ch\/index.php?rest_route=\/wp\/v2\/posts\/4264","targetHints":{"allow":["GET"]}}],"collection":[{"href":"https:\/\/www.lagota.ch\/index.php?rest_route=\/wp\/v2\/posts"}],"about":[{"href":"https:\/\/www.lagota.ch\/index.php?rest_route=\/wp\/v2\/types\/post"}],"author":[{"embeddable":true,"href":"https:\/\/www.lagota.ch\/index.php?rest_route=\/wp\/v2\/users\/1"}],"replies":[{"embeddable":true,"href":"https:\/\/www.lagota.ch\/index.php?rest_route=%2Fwp%2Fv2%2Fcomments&post=4264"}],"version-history":[{"count":1,"href":"https:\/\/www.lagota.ch\/index.php?rest_route=\/wp\/v2\/posts\/4264\/revisions"}],"predecessor-version":[{"id":4266,"href":"https:\/\/www.lagota.ch\/index.php?rest_route=\/wp\/v2\/posts\/4264\/revisions\/4266"}],"wp:attachment":[{"href":"https:\/\/www.lagota.ch\/index.php?rest_route=%2Fwp%2Fv2%2Fmedia&parent=4264"}],"wp:term":[{"taxonomy":"category","embeddable":true,"href":"https:\/\/www.lagota.ch\/index.php?rest_route=%2Fwp%2Fv2%2Fcategories&post=4264"},{"taxonomy":"post_tag","embeddable":true,"href":"https:\/\/www.lagota.ch\/index.php?rest_route=%2Fwp%2Fv2%2Ftags&post=4264"}],"curies":[{"name":"wp","href":"https:\/\/api.w.org\/{rel}","templated":true}]}}