{"id":4272,"date":"2025-05-05T10:59:43","date_gmt":"2025-05-05T09:59:43","guid":{"rendered":"https:\/\/www.lagota.ch\/?p=4272"},"modified":"2025-05-05T10:59:43","modified_gmt":"2025-05-05T09:59:43","slug":"programm-zundholzli","status":"publish","type":"post","link":"https:\/\/www.lagota.ch\/?p=4272","title":{"rendered":"Programm @Z\u00fcndh\u00f6lzli"},"content":{"rendered":"\n<p><strong>12.5. Nein zur Bezahlkarte | 20.5. Diskussion Wahlen | 5.6. KuZeB bleibt! | 16.6. F\u00fcr ein Ende der Polizei<\/strong><\/p>\n\n\n\n<h3 class=\"wp-block-heading\"><strong>Infoveranstaltung: Nein zur Bezahlkarte!<\/strong><\/h3>\n\n\n\n<p>Mo, 12.05.2025 | T\u00fcr 19:00 | Beginn 19:30<br>@Z\u00fcndh\u00f6lzli, Alpenstrasse 13, 6300 Zug<\/p>\n\n\n\n<figure class=\"wp-block-image size-full\"><a href=\"https:\/\/www.lagota.ch\/wp-content\/uploads\/arton6967.jpg\"><img loading=\"lazy\" decoding=\"async\" width=\"710\" height=\"398\" src=\"https:\/\/www.lagota.ch\/wp-content\/uploads\/arton6967.jpg\" alt=\"\" class=\"wp-image-4273\" srcset=\"https:\/\/www.lagota.ch\/wp-content\/uploads\/arton6967.jpg 710w, https:\/\/www.lagota.ch\/wp-content\/uploads\/arton6967-300x168.jpg 300w\" sizes=\"auto, (max-width: 710px) 100vw, 710px\" \/><\/a><\/figure>\n\n\n\n<p>Ende Februar hat das Zuger Kantonsparlament der Einf\u00fchrung von Bezahlkarten f\u00fcr Asylsuchende zugestimmt. Das Netzwerk &#8220;Gleiche soziale Rechte f\u00fcr Alle&#8221; engagiert sich in Deutschland gegen die dort bereits eingef\u00fchrte Bezahlkarte. Mit Infokampagnen zeigen sie die Probleme der rassistischen Bezahlkarte auf: Kontrolle &#8211; Diskriminierung &#8211; Entm\u00fcndigung. Mit lokalen Tauschaktionen versuchen sie den Betroffenen ein wenig Kontrolle zur\u00fcckzugeben. Aktivist*innen des Netzwerks erz\u00e4hlen von ihren Erfahrungen.<\/p>\n\n\n\n<h3 class=\"wp-block-heading\"><strong>Diskussionsrunde: Ist W\u00e4hlen verkehrt?<\/strong><\/h3>\n\n\n\n<p>Di, 20.05.2025 | T\u00fcr 19:30 | Beginn 20:00<br>@Z\u00fcndh\u00f6lzli, Alpenstrasse 13, Zug<\/p>\n\n\n\n<p>&#8220;Egal, welche Partei, hauptsache Sie gehen w\u00e4hlen!&#8221; h\u00f6rt man oft. Was aber, wenn es generell verkehrt ist, seine Stimme abzugeben? W\u00e4hlen wir damit auch den Status quo mit all seinen kapitalistischen Machtverh\u00e4ltnissen? Diskutiere mit \u00fcber ein sehr kontroverses Thema! Wir h\u00f6ren einen Podcast-Vortrag des GegenStandPunkt und diskutieren anschliessend dar\u00fcber. Du braucht keine Vorbereitung.<\/p>\n\n\n\n<h3 class=\"wp-block-heading\"><strong>Infoveranstaltung: KuZeB bleibt!<\/strong><\/h3>\n\n\n\n<p>Do, 05.06.2025 | T\u00fcr 19:30 | Beginn 20:00<br>@Z\u00fcndh\u00f6lzli, Alpenstrasse 13, Zug<\/p>\n\n\n\n<p>Seit 32 Jahren betreibt der Verein KuZeB das autonome KulturZentrum Bremgarten in einer ehemaligen Kleiderfabrik. Es ist das \u00e4lteste nichtkommerzielle, selbstverwaltete und eigenst\u00e4ndig finanzierte Kulturzentrum der Schweiz. An der Infotour informieren wir euch \u00fcber die Geschichte &amp; M\u00f6glicheiten des KuZeB, die aktuelle Situation, die Widerspr\u00fcche &amp; das Erhaltenswerte, die Finanzierung und die Partizipationsm\u00f6glichkeiten. \u00dcber einen offenen Austausch mit euch freuen wir uns. Danke f\u00fcr eure Solidarit\u00e4t!<\/p>\n\n\n\n<h3 class=\"wp-block-heading\"><strong>Vortrag: F\u00fcr ein Ende der Polizei<\/strong><\/h3>\n\n\n\n<p>Mo, 16.06.2025 | T\u00fcr 19:00 | Beginn 19:30<br>@Z\u00fcndh\u00f6lzli, Alpenstrasse 13, Zug<\/p>\n\n\n\n<p>Warum wir die Polizei nicht reformieren k\u00f6nnen, weshalb wir Polizei und Staat nur zusammen loswerden werden und wie gemeinschaftliche Verantwortungs\u00fcbernahme aussehen kann.<\/p>\n\n\n\n<p>Hier k\u00f6nnte jede Ort stehen, weil in jeder Stadt und in jedem Dorf schon Menschen von der Polizei ermordet, gefoltert, inhaftiert oder angegriffen wurden. Seit ca. 160 Jahren unterdr\u00fcckt und terrorisiert die Polizei jene Menschen, die in der gesellschaftlichen Ordnung niedrigstehen. Und obwohl sie genau mit diesen Auftrag gegr\u00fcndet wurde, n\u00e4mlich Sklaverei und Kolonialismus aufrechtzuerhalten und Aufst\u00e4nde von Armen zu verhindern, herrscht in Deutschland unter Kritiker*innen der Polizei die Idee vor sie zu reformieren.<\/p>\n\n\n\n<p>Die Polizei verstehen In unserem Vortrag sprechen wir dar\u00fcber wie die Polizei entstanden ist, was ihre Funktion und Struktur ist und warum wir sie eben nicht reformieren k\u00f6nnen, sondern sie los werden m\u00fcssen. Weitere Punkte sind: Welche Mythen \u00fcber die Polizei sind verbreitet? Was f\u00fcr Beispiele des Widerstandes gegen die Polizei gibt es?<\/p>\n\n\n\n<p>Lernen Verantwortung zu \u00fcbernehmen Anschlie\u00dfend geht es um Formen von Zusammenleben bei denen Menschen gemeinschaftlich Verantwortung \u00fcbernehmen: Wie gehen und gingen Gesellschaften ohne Polizei und Staat mit Konflikten, \u00dcbergriffen und \u00e4u\u00dferer Gewalt um? Was f\u00fcr M\u00f6glichkeiten haben wir die Macht der Polizei in unserem Alltag zu schw\u00e4chen? Wir setzen an einigen Stellen anarchistische Kritiken voraus, wer mag kann sich daher vorher einen Anarchismus-Einf\u00fchrungsvortrag anh\u00f6ren. Den findet ihr hier: <a href=\"https:\/\/kolektiva.media\/w\/joPaQ2xZbCiop3J1uouh7v\">https:\/\/kolektiva.media\/w\/joPaQ2xZbCiop3J1uouh7v<\/a><\/p>\n","protected":false},"excerpt":{"rendered":"<p>12.5. Nein zur Bezahlkarte | 20.5. Diskussion Wahlen | 5.6. KuZeB bleibt! | 16.6. F\u00fcr ein Ende der Polizei Infoveranstaltung: Nein zur Bezahlkarte! Mo, 12.05.2025 | T\u00fcr 19:00 | Beginn 19:30@Z\u00fcndh\u00f6lzli, Alpenstrasse 13, 6300 Zug Ende Februar hat das Zuger &hellip; <a href=\"https:\/\/www.lagota.ch\/?p=4272\">Continue reading <span class=\"meta-nav\">&rarr;<\/span><\/a><\/p>\n","protected":false},"author":1,"featured_media":0,"comment_status":"closed","ping_status":"open","sticky":false,"template":"","format":"standard","meta":{"footnotes":""},"categories":[1369,49,4,108],"tags":[254,839,170],"class_list":["post-4272","post","type-post","status-publish","format-standard","hentry","category-antiimperialismus","category-antirep","category-veranstaltung","category-wirtschaftskrise","tag-kuzeb","tag-systembruch","tag-zug"],"_links":{"self":[{"href":"https:\/\/www.lagota.ch\/index.php?rest_route=\/wp\/v2\/posts\/4272","targetHints":{"allow":["GET"]}}],"collection":[{"href":"https:\/\/www.lagota.ch\/index.php?rest_route=\/wp\/v2\/posts"}],"about":[{"href":"https:\/\/www.lagota.ch\/index.php?rest_route=\/wp\/v2\/types\/post"}],"author":[{"embeddable":true,"href":"https:\/\/www.lagota.ch\/index.php?rest_route=\/wp\/v2\/users\/1"}],"replies":[{"embeddable":true,"href":"https:\/\/www.lagota.ch\/index.php?rest_route=%2Fwp%2Fv2%2Fcomments&post=4272"}],"version-history":[{"count":1,"href":"https:\/\/www.lagota.ch\/index.php?rest_route=\/wp\/v2\/posts\/4272\/revisions"}],"predecessor-version":[{"id":4274,"href":"https:\/\/www.lagota.ch\/index.php?rest_route=\/wp\/v2\/posts\/4272\/revisions\/4274"}],"wp:attachment":[{"href":"https:\/\/www.lagota.ch\/index.php?rest_route=%2Fwp%2Fv2%2Fmedia&parent=4272"}],"wp:term":[{"taxonomy":"category","embeddable":true,"href":"https:\/\/www.lagota.ch\/index.php?rest_route=%2Fwp%2Fv2%2Fcategories&post=4272"},{"taxonomy":"post_tag","embeddable":true,"href":"https:\/\/www.lagota.ch\/index.php?rest_route=%2Fwp%2Fv2%2Ftags&post=4272"}],"curies":[{"name":"wp","href":"https:\/\/api.w.org\/{rel}","templated":true}]}}