{"id":4283,"date":"2025-06-16T11:45:39","date_gmt":"2025-06-16T10:45:39","guid":{"rendered":"https:\/\/www.lagota.ch\/?p=4283"},"modified":"2025-06-16T11:45:39","modified_gmt":"2025-06-16T10:45:39","slug":"lultima-isola-im-stattkino-luzern-am-16-juni","status":"publish","type":"post","link":"https:\/\/www.lagota.ch\/?p=4283","title":{"rendered":"L&#8217;ULTIMA ISOLA im Stattkino Luzern am 16. Juni"},"content":{"rendered":"\n<p>Heute Montag, 16. Juni, 18.30 Uhr, stattkino Luzern, L\u00f6wenplatz 11<\/p>\n\n\n\n<figure class=\"wp-block-image size-large\"><a href=\"https:\/\/www.lagota.ch\/wp-content\/uploads\/0C05C9A1-1589-451F-A242-4C71D2E1E42D.jpg\"><img loading=\"lazy\" decoding=\"async\" width=\"819\" height=\"1024\" src=\"https:\/\/www.lagota.ch\/wp-content\/uploads\/0C05C9A1-1589-451F-A242-4C71D2E1E42D-819x1024.jpg\" alt=\"\" class=\"wp-image-4284\" srcset=\"https:\/\/www.lagota.ch\/wp-content\/uploads\/0C05C9A1-1589-451F-A242-4C71D2E1E42D-819x1024.jpg 819w, https:\/\/www.lagota.ch\/wp-content\/uploads\/0C05C9A1-1589-451F-A242-4C71D2E1E42D-240x300.jpg 240w, https:\/\/www.lagota.ch\/wp-content\/uploads\/0C05C9A1-1589-451F-A242-4C71D2E1E42D-768x960.jpg 768w, https:\/\/www.lagota.ch\/wp-content\/uploads\/0C05C9A1-1589-451F-A242-4C71D2E1E42D.jpg 1080w\" sizes=\"auto, (max-width: 819px) 100vw, 819px\" \/><\/a><\/figure>\n\n\n\n<p>L\u2019ULTIMA ISOLA<\/p>\n\n\n\n<p>Eine Gruppe von Freund<em>innen auf einem Ausflugsboot sieht sich bei Sonnenaufgang mit einer schockierenden Situation konfrontiert: Das Meer um sie herum ist voller Menschen, die um Hilfe rufen oder bereits ertrunken sind. Es ist Lampedusa, der 3. Oktober 2013. Vor ihren Augen findet die Trag\u00f6die statt, die 368 Tote und 20 Vermisste forderte. 155 Personen konnten gerettet werden. &nbsp; Bilder dieser Trag\u00f6die gibt es keine. Doch die Aussagen der acht Freund<\/em>innen sprechen f\u00fcr sich. Sie beschreiben eindr\u00fccklich, was sie gesehen und erlebt haben. Und sie sind \u00fcberzeugt, dass seitens der K\u00fcstenwache nicht alles getan wurde, was h\u00e4tte getan werden m\u00fcssen.<\/p>\n\n\n\n<p>Dokumentarfilm von Davide Lomma, Italien, 2024<br>74 min; Italienisch, englische Untertitel<\/p>\n\n\n\n<p>Im Anschluss Gespr\u00e4ch mit Davide Lomma, Regie, und Jonas R\u00fcegg, Watch the Med Alarmphone Schweiz. Moderation: Barbara M\u00fcller, HelloWelcome<\/p>\n\n\n\n<p>Eintritt frei, Kollekte.<\/p>\n","protected":false},"excerpt":{"rendered":"<p>Heute Montag, 16. Juni, 18.30 Uhr, stattkino Luzern, L\u00f6wenplatz 11 L\u2019ULTIMA ISOLA Eine Gruppe von Freundinnen auf einem Ausflugsboot sieht sich bei Sonnenaufgang mit einer schockierenden Situation konfrontiert: Das Meer um sie herum ist voller Menschen, die um Hilfe rufen &hellip; <a href=\"https:\/\/www.lagota.ch\/?p=4283\">Continue reading <span class=\"meta-nav\">&rarr;<\/span><\/a><\/p>\n","protected":false},"author":1,"featured_media":0,"comment_status":"closed","ping_status":"open","sticky":false,"template":"","format":"standard","meta":{"footnotes":""},"categories":[1413,406,4],"tags":[672,583,1576],"class_list":["post-4283","post","type-post","status-publish","format-standard","hentry","category-festung-europa","category-migration","category-veranstaltung","tag-festung-europa","tag-lampedusa","tag-watch-the-med"],"_links":{"self":[{"href":"https:\/\/www.lagota.ch\/index.php?rest_route=\/wp\/v2\/posts\/4283","targetHints":{"allow":["GET"]}}],"collection":[{"href":"https:\/\/www.lagota.ch\/index.php?rest_route=\/wp\/v2\/posts"}],"about":[{"href":"https:\/\/www.lagota.ch\/index.php?rest_route=\/wp\/v2\/types\/post"}],"author":[{"embeddable":true,"href":"https:\/\/www.lagota.ch\/index.php?rest_route=\/wp\/v2\/users\/1"}],"replies":[{"embeddable":true,"href":"https:\/\/www.lagota.ch\/index.php?rest_route=%2Fwp%2Fv2%2Fcomments&post=4283"}],"version-history":[{"count":1,"href":"https:\/\/www.lagota.ch\/index.php?rest_route=\/wp\/v2\/posts\/4283\/revisions"}],"predecessor-version":[{"id":4285,"href":"https:\/\/www.lagota.ch\/index.php?rest_route=\/wp\/v2\/posts\/4283\/revisions\/4285"}],"wp:attachment":[{"href":"https:\/\/www.lagota.ch\/index.php?rest_route=%2Fwp%2Fv2%2Fmedia&parent=4283"}],"wp:term":[{"taxonomy":"category","embeddable":true,"href":"https:\/\/www.lagota.ch\/index.php?rest_route=%2Fwp%2Fv2%2Fcategories&post=4283"},{"taxonomy":"post_tag","embeddable":true,"href":"https:\/\/www.lagota.ch\/index.php?rest_route=%2Fwp%2Fv2%2Ftags&post=4283"}],"curies":[{"name":"wp","href":"https:\/\/api.w.org\/{rel}","templated":true}]}}