{"id":4286,"date":"2025-06-18T06:51:45","date_gmt":"2025-06-18T05:51:45","guid":{"rendered":"https:\/\/www.lagota.ch\/?p=4286"},"modified":"2025-06-18T06:51:45","modified_gmt":"2025-06-18T05:51:45","slug":"demo-wir-gehoren-dazu-soziale-teilhabe-fur-alle","status":"publish","type":"post","link":"https:\/\/www.lagota.ch\/?p=4286","title":{"rendered":"Demo \u00abWir geh\u00f6ren dazu \u2013 Soziale Teilhabe f\u00fcr ALLE!\u00bb"},"content":{"rendered":"\n<p><strong>20.\u2060 \u2060Juni im V\u00f6gelig\u00e4rtli&nbsp;<\/strong><\/p>\n\n\n\n<p>14:00 Uhr | Picknick f\u00fcr alle<\/p>\n\n\n\n<p>17:30 Uhr | Start Demo<\/p>\n\n\n\n<p>19:30 Uhr | Konzert Tala &amp; the African Groove<\/p>\n\n\n\n<figure class=\"wp-block-image size-full\"><a href=\"https:\/\/www.lagota.ch\/wp-content\/uploads\/teaser-webseite-demo-KYO3HNJY.webp\"><img loading=\"lazy\" decoding=\"async\" width=\"784\" height=\"479\" src=\"https:\/\/www.lagota.ch\/wp-content\/uploads\/teaser-webseite-demo-KYO3HNJY.webp\" alt=\"\" class=\"wp-image-4287\" srcset=\"https:\/\/www.lagota.ch\/wp-content\/uploads\/teaser-webseite-demo-KYO3HNJY.webp 784w, https:\/\/www.lagota.ch\/wp-content\/uploads\/teaser-webseite-demo-KYO3HNJY-300x183.webp 300w, https:\/\/www.lagota.ch\/wp-content\/uploads\/teaser-webseite-demo-KYO3HNJY-768x469.webp 768w\" sizes=\"auto, (max-width: 784px) 100vw, 784px\" \/><\/a><\/figure>\n\n\n\n<p>Gefl\u00fcchtete und migrierte Menschen in der Schweiz erleben t\u00e4glich Ausgrenzung. Es fehlt ihnen an M\u00f6glichkeiten zur Mitbestimmung und sozialer Teilhabe. Viel zu oft wird \u00fcber, statt mit Gefl\u00fcchteten gesprochen oder entschieden. Das macht ein Leben in Sicherheit und mit positiven Zukunftsaussichten unm\u00f6glich.&nbsp;<\/p>\n\n\n\n<p>Am 20. Juni setzen wir in Luzern ein starkes Zeichen: F\u00fcr eine offene Gesellschaft, in der Vielfalt als St\u00e4rke anerkannt wird.<\/p>\n","protected":false},"excerpt":{"rendered":"<p>20.\u2060 \u2060Juni im V\u00f6gelig\u00e4rtli&nbsp; 14:00 Uhr | Picknick f\u00fcr alle 17:30 Uhr | Start Demo 19:30 Uhr | Konzert Tala &amp; the African Groove Gefl\u00fcchtete und migrierte Menschen in der Schweiz erleben t\u00e4glich Ausgrenzung. Es fehlt ihnen an M\u00f6glichkeiten zur &hellip; <a href=\"https:\/\/www.lagota.ch\/?p=4286\">Continue reading <span class=\"meta-nav\">&rarr;<\/span><\/a><\/p>\n","protected":false},"author":1,"featured_media":0,"comment_status":"closed","ping_status":"open","sticky":false,"template":"","format":"standard","meta":{"footnotes":""},"categories":[1413,11,406,4],"tags":[1577,66,1148,30],"class_list":["post-4286","post","type-post","status-publish","format-standard","hentry","category-festung-europa","category-luzern","category-migration","category-veranstaltung","tag-ausgrenzung","tag-demo","tag-luzern","tag-solidaritat"],"_links":{"self":[{"href":"https:\/\/www.lagota.ch\/index.php?rest_route=\/wp\/v2\/posts\/4286","targetHints":{"allow":["GET"]}}],"collection":[{"href":"https:\/\/www.lagota.ch\/index.php?rest_route=\/wp\/v2\/posts"}],"about":[{"href":"https:\/\/www.lagota.ch\/index.php?rest_route=\/wp\/v2\/types\/post"}],"author":[{"embeddable":true,"href":"https:\/\/www.lagota.ch\/index.php?rest_route=\/wp\/v2\/users\/1"}],"replies":[{"embeddable":true,"href":"https:\/\/www.lagota.ch\/index.php?rest_route=%2Fwp%2Fv2%2Fcomments&post=4286"}],"version-history":[{"count":1,"href":"https:\/\/www.lagota.ch\/index.php?rest_route=\/wp\/v2\/posts\/4286\/revisions"}],"predecessor-version":[{"id":4288,"href":"https:\/\/www.lagota.ch\/index.php?rest_route=\/wp\/v2\/posts\/4286\/revisions\/4288"}],"wp:attachment":[{"href":"https:\/\/www.lagota.ch\/index.php?rest_route=%2Fwp%2Fv2%2Fmedia&parent=4286"}],"wp:term":[{"taxonomy":"category","embeddable":true,"href":"https:\/\/www.lagota.ch\/index.php?rest_route=%2Fwp%2Fv2%2Fcategories&post=4286"},{"taxonomy":"post_tag","embeddable":true,"href":"https:\/\/www.lagota.ch\/index.php?rest_route=%2Fwp%2Fv2%2Ftags&post=4286"}],"curies":[{"name":"wp","href":"https:\/\/api.w.org\/{rel}","templated":true}]}}