{"id":4293,"date":"2025-07-11T16:24:35","date_gmt":"2025-07-11T15:24:35","guid":{"rendered":"https:\/\/www.lagota.ch\/?p=4293"},"modified":"2025-07-11T16:24:35","modified_gmt":"2025-07-11T15:24:35","slug":"no-borders-no-nations-25-festival-in-bern","status":"publish","type":"post","link":"https:\/\/www.lagota.ch\/?p=4293","title":{"rendered":"NO BORDERS NO NATIONS 25 FESTIVAL IN BERN"},"content":{"rendered":"\n<p><strong>Wir setzen uns f\u00fcr eine Welt ohne Grenzen und Nationalstaaten ein. Vom 21. bis 23. August 2025 findet vor und in der Reitschule in Bern das NO BORDERS NO NATIONS Festival der Reitschule statt.<\/strong><\/p>\n\n\n\n<figure class=\"wp-block-image size-full\"><a href=\"https:\/\/www.lagota.ch\/wp-content\/uploads\/arton7062.png\"><img loading=\"lazy\" decoding=\"async\" width=\"710\" height=\"398\" src=\"https:\/\/www.lagota.ch\/wp-content\/uploads\/arton7062.png\" alt=\"\" class=\"wp-image-4294\" srcset=\"https:\/\/www.lagota.ch\/wp-content\/uploads\/arton7062.png 710w, https:\/\/www.lagota.ch\/wp-content\/uploads\/arton7062-300x168.png 300w\" sizes=\"auto, (max-width: 710px) 100vw, 710px\" \/><\/a><\/figure>\n\n\n\n<p>2025 wollen wir neben Musik und Kultur verst\u00e4rkt Raum schaffen f\u00fcr Austausch, Diskussion und politisches Lernen. Ob auf B\u00fchnen, in Workshops oder bei Diskussionen &#8211; wir wollen Tore \u00f6ffnen f\u00fcr Vernetzung und gelebte Utopien.<\/p>\n\n\n\n<p>Das Festival verzichtet auf die Abh\u00e4ngigkeit von grossen Unternehmen als Sponsor*in-nen und basiert auf solidarischer Arbeit. Damit das Festival so stattfinden kann, brauchen wir eure Hilfe. Mehr Infos folgen bald.<\/p>\n\n\n\n<p>Das aktuelle Programm findet ihr hier: <a href=\"https:\/\/pretalx.com\/nbnn25\/talk\/\">https:\/\/pretalx.com\/nbnn25\/talk\/<\/a><\/p>\n\n\n\n<hr class=\"wp-block-separator has-alpha-channel-opacity\"\/>\n\n\n\n<h4 class=\"wp-block-heading\">P.S.<\/h4>\n\n\n\n<p>Website: <a href=\"https:\/\/nbnn.ch\">https:\/\/nbnn.ch<\/a><\/p>\n","protected":false},"excerpt":{"rendered":"<p>Wir setzen uns f\u00fcr eine Welt ohne Grenzen und Nationalstaaten ein. Vom 21. bis 23. August 2025 findet vor und in der Reitschule in Bern das NO BORDERS NO NATIONS Festival der Reitschule statt. 2025 wollen wir neben Musik und &hellip; <a href=\"https:\/\/www.lagota.ch\/?p=4293\">Continue reading <span class=\"meta-nav\">&rarr;<\/span><\/a><\/p>\n","protected":false},"author":1,"featured_media":0,"comment_status":"closed","ping_status":"open","sticky":false,"template":"","format":"standard","meta":{"footnotes":""},"categories":[13,328,1413,406,16,4],"tags":[1581,102,405,104],"class_list":["post-4293","post","type-post","status-publish","format-standard","hentry","category-antifa","category-antira","category-festung-europa","category-migration","category-schweiz","category-veranstaltung","tag-1581","tag-bern","tag-no-borders-no-nations","tag-reitschule"],"_links":{"self":[{"href":"https:\/\/www.lagota.ch\/index.php?rest_route=\/wp\/v2\/posts\/4293","targetHints":{"allow":["GET"]}}],"collection":[{"href":"https:\/\/www.lagota.ch\/index.php?rest_route=\/wp\/v2\/posts"}],"about":[{"href":"https:\/\/www.lagota.ch\/index.php?rest_route=\/wp\/v2\/types\/post"}],"author":[{"embeddable":true,"href":"https:\/\/www.lagota.ch\/index.php?rest_route=\/wp\/v2\/users\/1"}],"replies":[{"embeddable":true,"href":"https:\/\/www.lagota.ch\/index.php?rest_route=%2Fwp%2Fv2%2Fcomments&post=4293"}],"version-history":[{"count":1,"href":"https:\/\/www.lagota.ch\/index.php?rest_route=\/wp\/v2\/posts\/4293\/revisions"}],"predecessor-version":[{"id":4295,"href":"https:\/\/www.lagota.ch\/index.php?rest_route=\/wp\/v2\/posts\/4293\/revisions\/4295"}],"wp:attachment":[{"href":"https:\/\/www.lagota.ch\/index.php?rest_route=%2Fwp%2Fv2%2Fmedia&parent=4293"}],"wp:term":[{"taxonomy":"category","embeddable":true,"href":"https:\/\/www.lagota.ch\/index.php?rest_route=%2Fwp%2Fv2%2Fcategories&post=4293"},{"taxonomy":"post_tag","embeddable":true,"href":"https:\/\/www.lagota.ch\/index.php?rest_route=%2Fwp%2Fv2%2Ftags&post=4293"}],"curies":[{"name":"wp","href":"https:\/\/api.w.org\/{rel}","templated":true}]}}