{"id":4396,"date":"2026-03-18T07:48:24","date_gmt":"2026-03-18T06:48:24","guid":{"rendered":"https:\/\/www.lagota.ch\/?p=4396"},"modified":"2026-03-18T07:48:24","modified_gmt":"2026-03-18T06:48:24","slug":"demo-in-st-gallen-am-19-3-kein-platz-fur-rechtsextremismus","status":"publish","type":"post","link":"https:\/\/www.lagota.ch\/?p=4396","title":{"rendered":"Demo in St. Gallen am 19.3: Kein Platz f\u00fcr Rechtsextremismus"},"content":{"rendered":"\n<figure class=\"wp-block-image size-large\"><a href=\"https:\/\/www.lagota.ch\/wp-content\/uploads\/signal-2026-03-17-164755_002.jpeg\"><img loading=\"lazy\" decoding=\"async\" width=\"819\" height=\"1024\" src=\"https:\/\/www.lagota.ch\/wp-content\/uploads\/signal-2026-03-17-164755_002-819x1024.jpeg\" alt=\"\" class=\"wp-image-4397\" srcset=\"https:\/\/www.lagota.ch\/wp-content\/uploads\/signal-2026-03-17-164755_002-819x1024.jpeg 819w, https:\/\/www.lagota.ch\/wp-content\/uploads\/signal-2026-03-17-164755_002-240x300.jpeg 240w, https:\/\/www.lagota.ch\/wp-content\/uploads\/signal-2026-03-17-164755_002-768x960.jpeg 768w, https:\/\/www.lagota.ch\/wp-content\/uploads\/signal-2026-03-17-164755_002.jpeg 1024w\" sizes=\"auto, (max-width: 819px) 100vw, 819px\" \/><\/a><\/figure>\n\n\n\n<p><strong>Do.19.03.26<br>Kundgebung (bewilligt)<br>18.30, Vadian-Denkmal, St.G\u00fcllen<br>Diskussion mit Lotta Meier<br>19:30, Grabenhalle<\/strong><\/p>\n\n\n\n<p>Am kommenden Donnerstag h\u00e4tte ein Vortrag \u00fcber den Aufstieg der neuen Rechten in der Schweiz stattfinden sollen &#8211; organisiert von den Gr\u00fcnen und Jungen Gr\u00fcnen der Stadt St.Gallen. In den letzten Wochen haben \u201aMass-Voll\u2018 und andere Gruppen und Personen aus dem rechtsextremen Spektrum dazu aufgerufen, an der Veranstaltung teilzunehmen, sie zu st\u00f6ren. Die Partien haben sich in der Folge daf\u00fcr entschieden, die Veranstaltung zu verschieben.<\/p>\n\n\n\n<p>Die rechtsextremen Aufrufe sind nach der Demonstration vom 14. Februar ein&nbsp;n\u00e4chster Schritt der Radikalisierung. Hier sollen bewusst unliebsame politische&nbsp;Veranstaltungen verhindert, Veranstalter:innen eingesch\u00fcchtert werden. Diese Drohungen betreffen uns alle. Den Aufruf nach St. Gallen zu kommen wurde in weltweiten netzwerken&nbsp;militanter weisser Suprematisten geteilt. Mass-Voll\u2018 steht l\u00e4ngst im Austausch mit militanten rechtsextremen&nbsp;Organisationen im In- und Ausland und hat sich die Forderung nach \u201eRemigration\u201c zu&nbsp;eigen gemacht.&nbsp;\ud83d\udcf0 Artikel dazu: https:\/\/www.saiten.ch\/rechtsextreme-wittern-morgenluft<\/p>\n\n\n\n<p>Die Aufrufe zur St\u00f6rung der Veranstaltung Teil einer Strategie, sich mit den eigenen menschenverachtenden Positionen immer mehr \u00f6ffentlichen Raum zu nehmen.&nbsp;Rechtsextremismus bedeutet, die Ungleichwertigkeit von Menschen zu behaupten und sie politisch umsetzen zu wollen &#8211; auch mit offener Gewalt.<\/p>\n\n\n\n<p>Wir rufen deshalb zu einer breiten und bunten B\u00fcndniskundgebung vor dem&nbsp;Waaghaus auf. Lassen wir uns nicht in die Defensive dr\u00e4ngen, nicht einsch\u00fcchtern&nbsp;und uns von irgendwelchen rechten Hetzern diktieren, was wir zu veranstalten haben&nbsp;und was nicht. Je breiter das B\u00fcndnis abgest\u00fctzt ist, desto mehr l\u00e4uft die rechte&nbsp;Einsch\u00fcchterung ins Leere, desto gr\u00f6sser ist das Zeichen &#8211; gegen rechts, aber auch in der Stadt St.Gallen. F\u00fcr eine offene, solidarische Gesellschaft. Kein Platz f\u00fcr&nbsp;Rechtsextremismus.<br>\u270a\ud83c\udffd Unterst\u00fctzende Organisationen \u270a\ud83c\udffd<\/p>\n\n\n\n<ul class=\"wp-block-list\">\n<li>Omas gegen rechts<\/li>\n\n\n\n<li>Cabi Antirassismus-Treff<\/li>\n\n\n\n<li>Gr\u00fcne St.Gallen<\/li>\n\n\n\n<li>INES Kollektiv Ostschweiz mit Migrationsvordergrund<\/li>\n\n\n\n<li>SP St.Gallen<\/li>\n\n\n\n<li>Gewerkschaftsbund St.Gallen &#8211; Appenzell<\/li>\n\n\n\n<li>Junge Gr\u00fcne<\/li>\n\n\n\n<li>Juso St.Gallen<\/li>\n\n\n\n<li>PFG<\/li>\n\n\n\n<li>Par\u00e9a<\/li>\n\n\n\n<li>FAU<\/li>\n\n\n\n<li>Unia Ostschweiz \u2013 Graub\u00fcnden<\/li>\n\n\n\n<li>Defend Rojava<\/li>\n\n\n\n<li>OAT<\/li>\n\n\n\n<li>Kurdisches Gesellschaftszentrum St.Gallen<\/li>\n\n\n\n<li>Pal\u00e4stina Solidarit\u00e4t Ostschweiz<\/li>\n\n\n\n<li>Soligruppe Syrien\/Kurdistan<\/li>\n\n\n\n<li>R\u00fcmpeltum<\/li>\n\n\n\n<li>Fintatreff<\/li>\n\n\n\n<li>QUAAK Queeres antikap. antifasch. Kollektiv<\/li>\n<\/ul>\n","protected":false},"excerpt":{"rendered":"<p>Do.19.03.26Kundgebung (bewilligt)18.30, Vadian-Denkmal, St.G\u00fcllenDiskussion mit Lotta Meier19:30, Grabenhalle Am kommenden Donnerstag h\u00e4tte ein Vortrag \u00fcber den Aufstieg der neuen Rechten in der Schweiz stattfinden sollen &#8211; organisiert von den Gr\u00fcnen und Jungen Gr\u00fcnen der Stadt St.Gallen. In den letzten Wochen &hellip; <a href=\"https:\/\/www.lagota.ch\/?p=4396\">Continue reading <span class=\"meta-nav\">&rarr;<\/span><\/a><\/p>\n","protected":false},"author":1,"featured_media":0,"comment_status":"closed","ping_status":"open","sticky":false,"template":"","format":"standard","meta":{"footnotes":""},"categories":[13,328,4],"tags":[1607,902,763,1133],"class_list":["post-4396","post","type-post","status-publish","format-standard","hentry","category-antifa","category-antira","category-veranstaltung","tag-massvoll","tag-nazis","tag-rechtsextremismus","tag-st-gallen"],"_links":{"self":[{"href":"https:\/\/www.lagota.ch\/index.php?rest_route=\/wp\/v2\/posts\/4396","targetHints":{"allow":["GET"]}}],"collection":[{"href":"https:\/\/www.lagota.ch\/index.php?rest_route=\/wp\/v2\/posts"}],"about":[{"href":"https:\/\/www.lagota.ch\/index.php?rest_route=\/wp\/v2\/types\/post"}],"author":[{"embeddable":true,"href":"https:\/\/www.lagota.ch\/index.php?rest_route=\/wp\/v2\/users\/1"}],"replies":[{"embeddable":true,"href":"https:\/\/www.lagota.ch\/index.php?rest_route=%2Fwp%2Fv2%2Fcomments&post=4396"}],"version-history":[{"count":1,"href":"https:\/\/www.lagota.ch\/index.php?rest_route=\/wp\/v2\/posts\/4396\/revisions"}],"predecessor-version":[{"id":4398,"href":"https:\/\/www.lagota.ch\/index.php?rest_route=\/wp\/v2\/posts\/4396\/revisions\/4398"}],"wp:attachment":[{"href":"https:\/\/www.lagota.ch\/index.php?rest_route=%2Fwp%2Fv2%2Fmedia&parent=4396"}],"wp:term":[{"taxonomy":"category","embeddable":true,"href":"https:\/\/www.lagota.ch\/index.php?rest_route=%2Fwp%2Fv2%2Fcategories&post=4396"},{"taxonomy":"post_tag","embeddable":true,"href":"https:\/\/www.lagota.ch\/index.php?rest_route=%2Fwp%2Fv2%2Ftags&post=4396"}],"curies":[{"name":"wp","href":"https:\/\/api.w.org\/{rel}","templated":true}]}}