{"id":441,"date":"2011-02-10T11:42:50","date_gmt":"2011-02-10T09:42:50","guid":{"rendered":"http:\/\/www.lagota.ch\/?p=441"},"modified":"2011-02-10T11:42:50","modified_gmt":"2011-02-10T09:42:50","slug":"mexiko-rundbrief-februar-2011","status":"publish","type":"post","link":"https:\/\/www.lagota.ch\/?p=441","title":{"rendered":"Mexiko: Rundbrief Februar 2011"},"content":{"rendered":"<p><strong><a href=\"https:\/\/www.lagota.ch\/wp-content\/uploads\/ezln.png\"><img loading=\"lazy\" decoding=\"async\" class=\"alignright size-full wp-image-442\" title=\"ezln\" src=\"https:\/\/www.lagota.ch\/wp-content\/uploads\/ezln.png\" alt=\"\" width=\"116\" height=\"129\" \/><\/a>Chiapas<\/strong><\/p>\n<p><em>Konfrontation zwischen Anh\u00e4ngern der Anderen Kampagne und PRIistas (3.2.2011)<\/em><\/p>\n<p>Just am Tag nach dem Besuch von Calder\u00f3n zur Inspektion der Fortschritte bei den touristischen Megaprojekten in der Region provozierten PRIistas (Anh\u00e4nger der ehemaligen Regierungspartei PRI) eine Konfrontation mit Mitgliedern der Anderen Kampagne. Der Konflikt rankt sich um die Kontrolle \u00fcber das Kassenh\u00e4uschen der Touristenattraktion Agua Azul, Chiapas. Das Problem entstand als die Bewohner der PRI-Gemeinde San Sebasti\u00e1n Bachaj\u00f3n die Mitglieder der Anderen Kampagne, die das Kassenh\u00e4uschen seit zwei Jahren unter Kontrolle hatten, gewaltsam vertrieben. Unterdessen wurden 106 von 116 festgenommenen Personen wieder freigelassen, w\u00e4hrend 10 Personen weiterhin in Haft sind.<\/p>\n<p>Quellen:\u00a0<a href=\"http:\/\/www.educaoaxaca.org\/index.php?option=com_content&amp;view=article&amp;id=258:accion-urgente-familia-coache-amenazada&amp;catid=45:la-minuta&amp;Itemid=55\" target=\"_blank\">educaoaxaca.org<\/a> und <a href=\"http:\/\/enlacezapatista.ezln.org.mx\/2011\/02\/04\/red-contra-la-represion-y-por-la-solidaridad-denuncia-la-detencion-de-140-companeros-adherentes-a-la-otra-campana\/\" target=\"_blank\">enlacezapatista.ezln.org.mx<\/a><\/p>\n<p>Das <a href=\"http:\/\/www.frayba.org.mx\/index.php\" target=\"_blank\">Freyba<\/a> denunziert die Polizeiaktion als menschenrechtswidrig<\/p>\n<p><strong>Mexiko-City \/ Chiapas<\/strong><\/p>\n<p><em>Samuel Ruiz: \u00bbDie indigene Bev\u00f6lkerung hat mich ver\u00e4ndert\u00ab<\/em><\/p>\n<p>Der in Mexiko-Stadt verstorbene Altbischof genoss international hohes Ansehen<br \/>\nEin gro\u00dfes Herz h\u00f6rte am Montag auf zu schlagen. Mit 86 Jahren starb in Mexiko-Stadt der katholische Altbischof Samuel Ruiz Garc\u00eda. Als Menschenrechtsverteidiger, Vermittler in Konflikten und Unterst\u00fctzer der indigenen Bev\u00f6lkerung genoss Ruiz \u00fcber die mexikanischen Grenzen hinaus hohes Ansehen. Mit seinen Anklagen gegen unsoziale Wirtschaftspolitik und seiner eindeutigen Position f\u00fcr die Armen schaffte er sich aber auch manchen Feind im Vatikan und in Regierungskreisen seines Landes.<\/p>\n<p>Den <a href=\"http:\/\/www.neues-deutschland.de\/artikel\/189389.samuel-ruiz-die-indigene-bevoelkerung-hat-mich-veraendert.html\" target=\"_blank\">Artikel von Gerold Schmidt weiterlesen<\/a>&#8230;<\/p>\n<p><a href=\"http:\/\/www.chiapas98.de\/news.php?id=5715\" target=\"_blank\">Deutsche \u00dcbersetzung des EZLN-Communiques<\/a> zum Tod von Samuel Ruiz<\/p>\n<p><strong>Oaxaca<\/strong><\/p>\n<p>DRINGEND: Urgent Action f\u00fcr Alba Cruz, Menschenrechtsanw\u00e4ltin in Oaxaca, und Marcelino Coache, f\u00fchrender APPO-Aktivist und Gewerkschafter in Oaxaca (bis sp\u00e4testens 23. Februar)<\/p>\n<p>Amnesty International ruft zu einer Briefaktion f\u00fcr Alba Cruz und Marcelino Coache auf, da beide erneut mit dem Tod bedroht wurden. Alba Cruz setzt sich f\u00fcr die Opfer von Folter und unbegr\u00fcndeter strafrechtlicher Verfolgung seit den Demonstrationen von 2006 in Oaxaca ein. Die 2007 von der Interamerikanischen Menschenrechtskommission verf\u00fcgten Schutzmassnahmen, die die Regierung ergreifen sollte, wurden kaum aufgenommen, und die Verantwortlichen f\u00fcr die Einsch\u00fcchterungsversuche sind immer noch auf freiem Fuss.<\/p>\n<p><a href=\"http:\/\/www.chiapas98.de\/ua2.php?id=87\" target=\"_blank\">Alba Cruz: Hier online ausf\u00fcllen<\/a>.<\/p>\n<p><a href=\"http:\/\/www.amnesty.de\/urgent-action\/ua-068-2009-4\/morddrohung\" target=\"_blank\">Urgent Action Marcelino Coache<\/a><\/p>\n<p><em>Wir hoffen, gut informiert zu haben.<\/em><\/p>\n","protected":false},"excerpt":{"rendered":"<p>Informationen zu Chiapas und Mexiko. Amnesty International ruft dringend zu einer Briefaktion f\u00fcr Alba Cruz und Marcelino Coache auf, da beide erneut mit dem Tod bedroht wurden. In Mexiko-Stadt starb der Altbischof Samuel Ruiz, welcher hohes internationaesl Ansehen genoss. <a href=\"https:\/\/www.lagota.ch\/?p=441\">Continue reading <span class=\"meta-nav\">&rarr;<\/span><\/a><\/p>\n","protected":false},"author":1,"featured_media":0,"comment_status":"open","ping_status":"open","sticky":false,"template":"","format":"standard","meta":{"footnotes":""},"categories":[10,6],"tags":[],"class_list":["post-441","post","type-post","status-publish","format-standard","hentry","category-aus-aller-welt","category-news"],"_links":{"self":[{"href":"https:\/\/www.lagota.ch\/index.php?rest_route=\/wp\/v2\/posts\/441","targetHints":{"allow":["GET"]}}],"collection":[{"href":"https:\/\/www.lagota.ch\/index.php?rest_route=\/wp\/v2\/posts"}],"about":[{"href":"https:\/\/www.lagota.ch\/index.php?rest_route=\/wp\/v2\/types\/post"}],"author":[{"embeddable":true,"href":"https:\/\/www.lagota.ch\/index.php?rest_route=\/wp\/v2\/users\/1"}],"replies":[{"embeddable":true,"href":"https:\/\/www.lagota.ch\/index.php?rest_route=%2Fwp%2Fv2%2Fcomments&post=441"}],"version-history":[{"count":2,"href":"https:\/\/www.lagota.ch\/index.php?rest_route=\/wp\/v2\/posts\/441\/revisions"}],"predecessor-version":[{"id":444,"href":"https:\/\/www.lagota.ch\/index.php?rest_route=\/wp\/v2\/posts\/441\/revisions\/444"}],"wp:attachment":[{"href":"https:\/\/www.lagota.ch\/index.php?rest_route=%2Fwp%2Fv2%2Fmedia&parent=441"}],"wp:term":[{"taxonomy":"category","embeddable":true,"href":"https:\/\/www.lagota.ch\/index.php?rest_route=%2Fwp%2Fv2%2Fcategories&post=441"},{"taxonomy":"post_tag","embeddable":true,"href":"https:\/\/www.lagota.ch\/index.php?rest_route=%2Fwp%2Fv2%2Ftags&post=441"}],"curies":[{"name":"wp","href":"https:\/\/api.w.org\/{rel}","templated":true}]}}