{"id":445,"date":"2011-02-10T18:17:43","date_gmt":"2011-02-10T16:17:43","guid":{"rendered":"http:\/\/www.lagota.ch\/?p=445"},"modified":"2011-02-16T14:46:45","modified_gmt":"2011-02-16T12:46:45","slug":"infoveranstaltung-die-baskische-jugendbewegung","status":"publish","type":"post","link":"https:\/\/www.lagota.ch\/?p=445","title":{"rendered":"Infoveranstaltung: Die baskische Jugendbewegung"},"content":{"rendered":"<p><strong><a href=\"https:\/\/www.lagota.ch\/wp-content\/uploads\/LAGOTA.jpg\"><img loading=\"lazy\" decoding=\"async\" class=\"size-full wp-image-78 alignright\" style=\"margin: 2px;\" title=\"LAGOTA.jpg\" src=\"https:\/\/www.lagota.ch\/wp-content\/uploads\/LAGOTA.jpg\" alt=\"\" width=\"77\" height=\"60\" \/><\/a>Im Zuge der internationalen Solidarit\u00e4tswoche mit dem Baskenland veranstaltet Lagota am 18. Februar eine Informationsveranstaltung.<\/strong><\/p>\n<p>Zwei Aktivisten der baskischen Jugendbewegung reden mit uns \u00fcber die Situation junger politischer Aktivisten zwischen Illegalisierung und Verfolgung. Sie informieren und dikutieren mit uns ebenfalls \u00fcber den neuen demokratischen Prozess.<\/p>\n<p>Das Baskenland ist im Aufbruch. Im Februar 2010 bekr\u00e4ftigte die abertzale Linke, die baskische linke Unabh\u00e4ngigkeitsbewegung, ihre Friedensinitiative mit dem Dokument \u201eZutik Euskal Herria \u2013 Steh auf, Baskenland\u201c und erkl\u00e4rte einseitig und ohne Vorbedingung den Einsatz ausschlie\u00dflich politischer und demokratischer Mittel zur Erreichung ihrer Ziele. Seitdem w\u00e4chst die Zustimmung zu diesem Projekt mit fast w\u00f6chentlich neuen Erkl\u00e4rungen, B\u00fcndnissen und Aktionen, deren Unterst\u00fctzerinnen und Unterst\u00fctzer weit \u00fcber das eigene Umfeld der abertzalen Linken hinausgehen.<\/p>\n<p>Viele Baskinnen und Basken sehen die Chance auf Selbstbestimmung, auf ein Ende des spanisch-baskischen Konflikts und fordern von allen Konfliktparteien Engagement in Richtung eines Friedensszenarios und politischer Verhandlungen. Die aktive Beteiligung der Bev\u00f6lkerung ist enorm: sie fordern ihre politischen Rechte und tragen den Protest auf die Stra\u00dfe.<\/p>\n<p><strong>Infoladen ROMP, Steinenstr. 17, Luzern &#8211; Freitag 18. Februar 2011, ab 20 Uhr<\/strong><\/p>\n","protected":false},"excerpt":{"rendered":"<p>Zwei Aktivisten der baskischen Jugendbewegung reden mit uns \u00fcber die Situation junger politischer Aktivisten zwischen Illegalisierung und Verfolgung. Sie informieren und dikutieren mit uns ebenfalls \u00fcber den neuen demokratischen Prozess. <a href=\"https:\/\/www.lagota.ch\/?p=445\">Continue reading <span class=\"meta-nav\">&rarr;<\/span><\/a><\/p>\n","protected":false},"author":1,"featured_media":0,"comment_status":"open","ping_status":"open","sticky":false,"template":"","format":"standard","meta":{"footnotes":""},"categories":[3,11,4],"tags":[],"class_list":["post-445","post","type-post","status-publish","format-standard","hentry","category-lagota","category-luzern","category-veranstaltung"],"_links":{"self":[{"href":"https:\/\/www.lagota.ch\/index.php?rest_route=\/wp\/v2\/posts\/445","targetHints":{"allow":["GET"]}}],"collection":[{"href":"https:\/\/www.lagota.ch\/index.php?rest_route=\/wp\/v2\/posts"}],"about":[{"href":"https:\/\/www.lagota.ch\/index.php?rest_route=\/wp\/v2\/types\/post"}],"author":[{"embeddable":true,"href":"https:\/\/www.lagota.ch\/index.php?rest_route=\/wp\/v2\/users\/1"}],"replies":[{"embeddable":true,"href":"https:\/\/www.lagota.ch\/index.php?rest_route=%2Fwp%2Fv2%2Fcomments&post=445"}],"version-history":[{"count":4,"href":"https:\/\/www.lagota.ch\/index.php?rest_route=\/wp\/v2\/posts\/445\/revisions"}],"predecessor-version":[{"id":474,"href":"https:\/\/www.lagota.ch\/index.php?rest_route=\/wp\/v2\/posts\/445\/revisions\/474"}],"wp:attachment":[{"href":"https:\/\/www.lagota.ch\/index.php?rest_route=%2Fwp%2Fv2%2Fmedia&parent=445"}],"wp:term":[{"taxonomy":"category","embeddable":true,"href":"https:\/\/www.lagota.ch\/index.php?rest_route=%2Fwp%2Fv2%2Fcategories&post=445"},{"taxonomy":"post_tag","embeddable":true,"href":"https:\/\/www.lagota.ch\/index.php?rest_route=%2Fwp%2Fv2%2Ftags&post=445"}],"curies":[{"name":"wp","href":"https:\/\/api.w.org\/{rel}","templated":true}]}}