{"id":458,"date":"2011-02-15T15:06:27","date_gmt":"2011-02-15T13:06:27","guid":{"rendered":"http:\/\/www.lagota.ch\/?p=458"},"modified":"2011-02-15T15:15:50","modified_gmt":"2011-02-15T13:15:50","slug":"cafe-lagota-2","status":"publish","type":"post","link":"https:\/\/www.lagota.ch\/?p=458","title":{"rendered":"Caf\u00e9 Lagota"},"content":{"rendered":"<p>Das Caf\u00e9 Lagota geht weiter&#8230;<\/p>\n<p>Die n\u00e4chsten Daten sind <strong>27. Februar<\/strong>, <strong>27. M\u00e4rz<\/strong> und <strong>25. April<\/strong>!<\/p>\n<p>Ein Treffpunkt um sich austauschen, zu informieren oder einfach das Wochenende ausklingen zu lassen.<\/p>\n<p>Wie immer mit Kaffee und Kuchen!<\/p>\n<p>Ort: Infoladen Romp, Luzern<br \/>\nOffen ab 15 Uhr, Ende ca. 19 Uhr<\/p>\n<p>Wir freuen uns auf Euren Besuch!<\/p>\n<p style=\"text-align: center;\"><a href=\"https:\/\/www.lagota.ch\/wp-content\/uploads\/gruenlagota.jpg\"><img loading=\"lazy\" decoding=\"async\" class=\"size-large wp-image-459 aligncenter\" title=\"Cafe Lagota\" src=\"https:\/\/www.lagota.ch\/wp-content\/uploads\/gruenlagota-861x1024.jpg\" alt=\"\" width=\"512\" height=\"608\" srcset=\"https:\/\/www.lagota.ch\/wp-content\/uploads\/gruenlagota-861x1024.jpg 861w, https:\/\/www.lagota.ch\/wp-content\/uploads\/gruenlagota-252x300.jpg 252w, https:\/\/www.lagota.ch\/wp-content\/uploads\/gruenlagota.jpg 1000w\" sizes=\"auto, (max-width: 512px) 100vw, 512px\" \/><\/a><\/p>\n","protected":false},"excerpt":{"rendered":"<p>Die n\u00e4chsten Daten f\u00fcr das legend\u00e4re Caf\u00e9 Lagota sind 27. Februar, 27. M\u00e4rz und 25. April. Kommen, Kaffee trinken und Kuchen essen&#8230; <a href=\"https:\/\/www.lagota.ch\/?p=458\">Continue reading <span class=\"meta-nav\">&rarr;<\/span><\/a><\/p>\n","protected":false},"author":1,"featured_media":0,"comment_status":"open","ping_status":"open","sticky":false,"template":"","format":"standard","meta":{"footnotes":""},"categories":[3,11,4],"tags":[],"class_list":["post-458","post","type-post","status-publish","format-standard","hentry","category-lagota","category-luzern","category-veranstaltung"],"_links":{"self":[{"href":"https:\/\/www.lagota.ch\/index.php?rest_route=\/wp\/v2\/posts\/458","targetHints":{"allow":["GET"]}}],"collection":[{"href":"https:\/\/www.lagota.ch\/index.php?rest_route=\/wp\/v2\/posts"}],"about":[{"href":"https:\/\/www.lagota.ch\/index.php?rest_route=\/wp\/v2\/types\/post"}],"author":[{"embeddable":true,"href":"https:\/\/www.lagota.ch\/index.php?rest_route=\/wp\/v2\/users\/1"}],"replies":[{"embeddable":true,"href":"https:\/\/www.lagota.ch\/index.php?rest_route=%2Fwp%2Fv2%2Fcomments&post=458"}],"version-history":[{"count":5,"href":"https:\/\/www.lagota.ch\/index.php?rest_route=\/wp\/v2\/posts\/458\/revisions"}],"predecessor-version":[{"id":463,"href":"https:\/\/www.lagota.ch\/index.php?rest_route=\/wp\/v2\/posts\/458\/revisions\/463"}],"wp:attachment":[{"href":"https:\/\/www.lagota.ch\/index.php?rest_route=%2Fwp%2Fv2%2Fmedia&parent=458"}],"wp:term":[{"taxonomy":"category","embeddable":true,"href":"https:\/\/www.lagota.ch\/index.php?rest_route=%2Fwp%2Fv2%2Fcategories&post=458"},{"taxonomy":"post_tag","embeddable":true,"href":"https:\/\/www.lagota.ch\/index.php?rest_route=%2Fwp%2Fv2%2Ftags&post=458"}],"curies":[{"name":"wp","href":"https:\/\/api.w.org\/{rel}","templated":true}]}}