{"id":470,"date":"2011-02-16T14:16:13","date_gmt":"2011-02-16T12:16:13","guid":{"rendered":"http:\/\/www.lagota.ch\/?p=470"},"modified":"2011-02-16T14:17:01","modified_gmt":"2011-02-16T12:17:01","slug":"weltsozialforum-fordert-neues-konsummodell","status":"publish","type":"post","link":"https:\/\/www.lagota.ch\/?p=470","title":{"rendered":"Weltsozialforum fordert neues Konsummodell"},"content":{"rendered":"<p><a href=\"https:\/\/www.lagota.ch\/wp-content\/uploads\/foro_social_mundial_dakar.jpg\"><img loading=\"lazy\" decoding=\"async\" class=\"alignright size-full wp-image-471\" title=\"foro_social_mundial_dakar\" src=\"https:\/\/www.lagota.ch\/wp-content\/uploads\/foro_social_mundial_dakar.jpg\" alt=\"\" width=\"250\" height=\"167\" \/><\/a>In der senegalesischen Hautstadt Dakar ist am Sonntag das 11. Weltsozialforum (WSF) zu Ende gegangen. An diesem WSF haben nach Angaben der Organisatoren 45.000 Menschen von 1.200 Organisationen aus 130 L\u00e4ndern teilgenommen. Im Zentrum der Diskussionen standen neben den aktuellen Ereignissen in Nordafrika die Nahrungs- und Klimakrise sowie die Migrationspolitik. In der Abschlusserkl\u00e4rung wurde zu Protest gegen den kommenden G8\/20 Gipfel in Frankreich sowie den kommenden Klimagipfel aufgerufen.<\/p>\n<p>Bei diesem WSF ging es wie immer nicht nur um die Kritik des Bestehenden, sondern um Alternativen zum neoliberalen Kapitalismus. Das Konzept des &#8220;Buen vivir&#8221;, stellt so eine Alternative zur Diskussion. Es ist sowohl in der Verfassung Boliviens wie auch Ecuadors festgeschrieben. Es sieht ein eigenes Recht der Natur vor. Die Menschheit solle so konsumieren und produzieren, dass die Natur nicht besch\u00e4digt wird. Diese Debatte trifft auf Diskussionen in West-Europa, wo verst\u00e4rkt das Wachstumsmodell in Frage gestellt wird.<\/p>\n<p>Schon bei der Er\u00f6ffnung des WSF betonte Boliviens Pr\u00e4sident Evo Morales seine Kritik am Kapitalismus einmal mehr, der Ursache f\u00fcr die gravierendsten Probleme der Erde sei. Auch der ehemalige brasilianische Pr\u00e4sident Luiz In\u00e1cio &#8220;Lula&#8221; da Silva forderte ein neues Entwicklungsmodell. Er konstatierte, dass die L\u00e4nder des G20 nicht Willens und nicht in der Lage seien, die aktuellen Probleme zu l\u00f6sen. Vielmehr stelle deren Politik ein Problem dar.<\/p>\n<p>Die lateinamerikanische Organisation Via Campesina thematisierte die globale Ern\u00e4hrungssituation. Durch die Auflagen des Internationalen W\u00e4hrungsfonds (IWF), exportorientiert zu produzieren, hat sich die Lage in vielen L\u00e4ndern dramatisch verschlechtert. Die Ern\u00e4hrungssouver\u00e4nit\u00e4t ist nicht gegeben. In den L\u00e4ndern werden nicht ausreichend Nahrungsmittel zur eigenen Versorgung produziert, die M\u00e4rkte mit subventionierten Produkten z.B. aus Europa \u00fcberschwemmt. Hinzu kommen Aufk\u00e4ufe von Land f\u00fcr die Produktion von Biosprit in Lateinamerika und Afrika durch internationale Konzerne.<\/p>\n<p>Eine Aktivistin aus Brasilien kritisierte das Agrobusiness in ihrem Land, das mehr Hunger produziere, die Bauern enteigne und den Boden zerst\u00f6re. Via Campesina kritisierte auch den Ausverkauf des Bodens vor allem in L\u00e4ndern Lateinamerikas und Afrikas. Ziel sei es h\u00e4ufig, mit Nahrungsmitteln zu spekulieren.<\/p>\n<p>F\u00fcr viele Menschen aus Lateinamerika und Afrika hat das Thema Migration zentrale Bedeutung. Die Mauer zwischen den USA und Mexiko, die Abschottungspolitik der EU, sowohl gegen Lateinamerika wie auch Afrika wurde massiv kritisiert und eine Bewegungsfreiheit gefordert.<\/p>\n<p>Das Weltsozialforum fand erstmalig 2001 im brasilianischen Porto Alegre statt, als Gegenveranstaltung zu dem sogenannten Weltwirtschaftsforum in Davos. Unter dem Motto &#8220;Eine andere Welt ist m\u00f6glich&#8221; kamen seitdem j\u00e4hrlich Menschen aus aller Welt zusammen, um \u00fcber Alternativen zur neoliberalen Globalisierung zu diskutieren. Vom WSF gingen zahlreiche Ideen hervor, die von Regierungen im Lateinamerika aufgenommen wurden wie zum Beispiel die Bank des S\u00fcdens oder das alternative Handelsb\u00fcndnis ALBA.<\/p>\n<p>Quelle: <a href=\"http:\/\/amerika21.de\/nachrichten\/2011\/02\/23557\/weltsozialforum\" target=\"_blank\">http:\/\/amerika21.de\/nachrichten\/2011\/02\/23557\/weltsozialforum<\/a><\/p>\n","protected":false},"excerpt":{"rendered":"<p>In der senegalesischen Hautstadt Dakar ist am Sonntag das 11. Weltsozialforum (WSF) zu Ende gegangen. An diesem WSF haben nach Angaben der Organisatoren 45.000 Menschen von 1.200 Organisationen aus 130 L\u00e4ndern teilgenommen. <a href=\"https:\/\/www.lagota.ch\/?p=470\">Continue reading <span class=\"meta-nav\">&rarr;<\/span><\/a><\/p>\n","protected":false},"author":1,"featured_media":0,"comment_status":"open","ping_status":"open","sticky":false,"template":"","format":"standard","meta":{"footnotes":""},"categories":[10,4,19],"tags":[],"class_list":["post-470","post","type-post","status-publish","format-standard","hentry","category-aus-aller-welt","category-veranstaltung","category-wef"],"_links":{"self":[{"href":"https:\/\/www.lagota.ch\/index.php?rest_route=\/wp\/v2\/posts\/470","targetHints":{"allow":["GET"]}}],"collection":[{"href":"https:\/\/www.lagota.ch\/index.php?rest_route=\/wp\/v2\/posts"}],"about":[{"href":"https:\/\/www.lagota.ch\/index.php?rest_route=\/wp\/v2\/types\/post"}],"author":[{"embeddable":true,"href":"https:\/\/www.lagota.ch\/index.php?rest_route=\/wp\/v2\/users\/1"}],"replies":[{"embeddable":true,"href":"https:\/\/www.lagota.ch\/index.php?rest_route=%2Fwp%2Fv2%2Fcomments&post=470"}],"version-history":[{"count":2,"href":"https:\/\/www.lagota.ch\/index.php?rest_route=\/wp\/v2\/posts\/470\/revisions"}],"predecessor-version":[{"id":473,"href":"https:\/\/www.lagota.ch\/index.php?rest_route=\/wp\/v2\/posts\/470\/revisions\/473"}],"wp:attachment":[{"href":"https:\/\/www.lagota.ch\/index.php?rest_route=%2Fwp%2Fv2%2Fmedia&parent=470"}],"wp:term":[{"taxonomy":"category","embeddable":true,"href":"https:\/\/www.lagota.ch\/index.php?rest_route=%2Fwp%2Fv2%2Fcategories&post=470"},{"taxonomy":"post_tag","embeddable":true,"href":"https:\/\/www.lagota.ch\/index.php?rest_route=%2Fwp%2Fv2%2Ftags&post=470"}],"curies":[{"name":"wp","href":"https:\/\/api.w.org\/{rel}","templated":true}]}}