{"id":525,"date":"2011-03-01T18:15:37","date_gmt":"2011-03-01T16:15:37","guid":{"rendered":"http:\/\/www.lagota.ch\/?p=525"},"modified":"2011-03-01T18:15:37","modified_gmt":"2011-03-01T16:15:37","slug":"freiheit-fur-mumia-abu-jamal-rundbrief-marz-2011","status":"publish","type":"post","link":"https:\/\/www.lagota.ch\/?p=525","title":{"rendered":"Freiheit f\u00fcr Mumia Abu-Jamal: Rundbrief M\u00e4rz 2011"},"content":{"rendered":"<p><a href=\"https:\/\/www.lagota.ch\/wp-content\/uploads\/mumia.jpg\"><img loading=\"lazy\" decoding=\"async\" class=\"alignright size-medium wp-image-526\" style=\"margin: 2px;\" title=\"mumia abu-jamal\" src=\"https:\/\/www.lagota.ch\/wp-content\/uploads\/mumia-220x300.jpg\" alt=\"\" width=\"220\" height=\"300\" srcset=\"https:\/\/www.lagota.ch\/wp-content\/uploads\/mumia-220x300.jpg 220w, https:\/\/www.lagota.ch\/wp-content\/uploads\/mumia.jpg 331w\" sizes=\"auto, (max-width: 220px) 100vw, 220px\" \/><\/a>Am 28. Januar 2011 beauftragte Mumia Abu-Jamal den NAACP Legal Defense and Educational Fund, Inc. (LDF), um ihn in seinem Verfahren zu unterst\u00fctzen. LDF wird das Verteidigerteam um Judy Ritter, die Mumia Abu-Jamal seit 2003 vertritt, verst\u00e4rken.<\/p>\n<p>Noch gibt es keine Entscheidung von dem 3. Bundesberufungsgericht. Am 9. November vergangenen Jahres hatte es dort eine Anh\u00f6rung gegeben, in der die Staatsanwaltschaft erneut verlangte, eine Hinrichtung von Mumia zu erm\u00f6glichen. Mumias Verteidigerin Judith Ritter hatte die fehlende gesetzliche Grundlage dieser Forderung deutlich herausgestellt. Doch nach allen Erfahrungen mit der Justiz in diesem inzwischen Jahrzehnte w\u00e4hrenden Rechtsbruch ist es sehr zweifelhaft,dass Gerichte positive Entscheidungen f\u00fcr Mumia f\u00e4llen. Nach Einsch\u00e4tzung von BeobachterInnen vor Ort ist die \u00f6ffentliche Meinung in Philadelphia jedoch \u00e4u\u00dferst kritisch, was das derzeitige Anliegen der Staatsanwaltschaft angeht.<\/p>\n<p>Hier bedarf es weitergehender Unterst\u00fctzung, um den Beh\u00f6rden deutlich zumachen, dass das Interesse an Freiheit und Gerechtigkeit f\u00fcr Mumia Abu-Jamal ungebrochen ist. In diesem Zusammenhang k\u00f6nnen wir nur immer wieder auf die <a href=\"http:\/\/www.mumia-hoerbuch.de\/bundnis.htm#SchreibtMumiaBriefe\" target=\"_blank\">Schreibkampagne f\u00fcr Mumia<\/a> hinweisen: Briefe oder Karten an Mumia zeigen ihm, aber auch den Postzensierenden Beh\u00f6rden, wie weit der Fall weltweit beobachtet wird.<\/p>\n<p>Mumias Adresse:<\/p>\n<p>Mumia Abu-Jamal<br \/>\nAM8335<br \/>\nSCI Greene Prison<br \/>\n175Progress Drive<br \/>\nWaynesburg,PA 15370<br \/>\nUSA<\/p>\n<p>Am 18. M\u00e4rz ist der Tag der politischen Gefangenen. In diesem Zusammenhang finden bundesweit etliche Informationsveranstaltungen \u00fcber Mumia Abu-Jamal und weitere politische Gefangene aus den USA statt. (siehe Termine). <a href=\"https:\/\/www.lagota.ch\/?p=413\" target=\"_blank\">In der Februar Ausgabe dieses Rundbriefes<\/a> wurde die Rote Hilfe Beilage erst zum Tag der politischen Gefangenen in der Tageszeitung Junge Welt (jW)angek\u00fcndigt. Das war falsch. Die Beilage wird bereits fr\u00fcher, n\u00e4mlich am 10. M\u00e4rz in jW beiliegen.<\/p>\n<p>Mumias 57. Geburtstag (24.04.2011) f\u00e4llt dieses Jahr auf das Wochenende der Osterm\u00e4rsche der Friedensbewegung in der BRD. In einigen Orten gibt es bereits Austausch mit lokalen OrganisatorInnen der Friedensbewegung. Mumia ist um einen Redebeitrag f\u00fcr die Osterm\u00e4rsche gebeten worden. Falls Leserinnen oder Leser hier selbst aktiv werden und lokal etwas f\u00fcr Mumia organisieren m\u00f6chten, meldet euch bitte beim <a href=\"http:\/\/mumia-hoerbuch.de\/kontakt.htm\" target=\"_blank\">Berliner B\u00fcndnis Freiheit f\u00fcr Mumia Abu-Jamal!<\/a>. Vielleicht k\u00f6nnen Ideen und Material ausgetauscht werden.<\/p>\n<p>Ebenfalls in der Zeit um Mumias Geburtstag <a href=\"http:\/\/www.laika-verlag.de\/bibliothek\/mumia-abu-jamal\" target=\"_blank\">erscheint ein Buch in der Laika Bibliothek des Widerstand \u00fcber seinen Fall<\/a>. Es wird neben zwei bereits bekannten auch einen neuen Film \u00fcber Mumia enthalten. Dieser hei\u00dft &#8220;Justice On Trial&#8221; und hatte im November 2010 in Philadelphia Premiere. Parallel zu der Erscheinung sind bereits mehrere Veranstaltungen in Planung. Auch hier k\u00f6nnen sich Interessierte gerne an das <a href=\"http:\/\/mumia-hoerbuch.de\/kontakt.htm\" target=\"_blank\">Berliner B\u00fcndnis Freiheit f\u00fcr Mumia Abu-Jamal!<\/a> wenden.<\/p>\n<p>Anfang Februar wurde bekannt, dass die US Gesundheitsbeh\u00f6rde FDA neben England und Italien auch in anderen EU L\u00e4ndern nach dem f\u00fcr die derzeitige Hinrichtungsmethode notwendigen Thiopental gesucht hat. In \u00d6sterreich <a href=\"http:\/\/www.tt.com\/csp\/cms\/sites\/tt\/Tirol\/2194693-2\/sandoz-mittel-f%C3%BCr-giftspritze-%C3%B6sterreich-will-order-der-eu.csp\" target=\"_blank\">stellt die Schweizer Firma Sandoz dieses Pr\u00e4parat her<\/a> und deren Produkte sind seit Herbst letzten Jahres an die FDA verkauft worden.<\/p>\n<p>Inzwischen scheint es so, als ob die Beh\u00f6rden der verschiedenen Bundesstaaten sich von der Illegalit\u00e4t ihrer Giftbeschaffung nicht weiter abschrecken lassen und Hinrichtungen weiterhin durchf\u00fchren. Nach Einsch\u00e4tzung verschiedener Anti-TodesstrafenaktivistInnen werden die beteiligten US Bundesstaaten in Zukunft versuchen, den Cocktail beider Hinrichtung mit der Giftspritzen durch ein einziges Medikament zu ersetzen. Wenn wir die Todesstrafe wirklich abschaffen wollen, m\u00fcssen wir die gesellschaftliche Auseinandersetzung dar\u00fcber intensivieren. Es zeigt sich, dass auch in einem sog. &#8220;rechtsstaatlichen&#8221; Europa kaum Probleme f\u00fcr die HenkerInnen bestehen, Material f\u00fcr das staatliche Ermorden von Gefangenen zu beschaffen. Und ansonsten denken sie sich halt etwas neues aus, um Gefangene zu ermorden. Die Todesstrafe wird nur \u00fcber entschlossene gesellschaftliche Ablehnung abgeschafft werden.<\/p>\n<p><em>Zum weiteren Inhalt:<\/em><\/p>\n<p><strong>Nachrichten aus der Bewegung<\/strong><\/p>\n<p><a href=\"http:\/\/www.trueten.de\/permalink\/LDF-verstaerkt-Mumia-Abu-Jamals-Verteidigungsteam.html\" target=\"_blank\">LDF verst\u00e4rkt Mumia Abu-Jamal&#8217;s Verteidigungsteam<\/a> (08.02.2011)<\/p>\n<p><a href=\"http:\/\/www.prnewswire.com\/news-releases\/ldf-joins-mumia-abu-jamal-defense-team-115514004.html\" target=\"_blank\">LDF Joins Mumia Abu-Jamal Defense Team<\/a> (07.02.2011 &#8211; engl)<\/p>\n<p>(<a href=\"http:\/\/sfbayview.com\/2011\/mumia%E2%80%99s-case-a-lightning-rod-for-police-terrorism\/\" target=\"_blank\">Interview L. Washington<\/a>) Mumia\u2019s case a lightning rod for police terrorism(05.01.2011 &#8211; engl)<\/p>\n<p><strong>Termine zur Unterst\u00fctzung f\u00fcr Mumia Abu-Jamal<\/strong><\/p>\n<p>Mi,16.03.2011, Heidelberg,Himmelheber, 20:00<br \/>\n<a href=\"http:\/\/www.18maerz.de\/web\/index.php\/component\/eventlist\/details\/18-justizmorde-in-den-usa\" target=\"_blank\">Justizmorde in den USA<\/a> &#8211; von Sacco &amp; Vanzetti bis Mumia Abu-Jamal<br \/>\nVortrag mit Michael Schiffmann, Veranst.: Rote Hilfe e.V. OG Heidelberg<br \/>\nTheaterstr.16<br \/>\n69117 Heidelberg<\/p>\n<p>Fr,18.03.2011, Wiesbaden,Infoladen Linker Projekte, 19:00<br \/>\n<a href=\"http:\/\/www.18maerz.de\/web\/index.php\/component\/eventlist\/details\/3-free-mumia-abu-jamal\" target=\"_blank\">Free Mumia Abu Jamal<\/a> &#8211; mit dem Film &#8220;In Prison My Whole Life&#8221;<br \/>\nInfoladen Linker Projekte<br \/>\nWerderstr.8<br \/>\n65195 Wiesbaden<\/p>\n<p>Fr,18.03.2011, Kiel,Kulturzentrum Hansastr. 48, 19:00<br \/>\n<a href=\"http:\/\/www.18maerz.de\/web\/index.php\/component\/eventlist\/details\/23-solidaritaet-ist-eine-waffe\" target=\"_blank\">Informationen \u00fcber die Lage der politischen Gefangenen weltweit<\/a> (u.a. Leonard Peltier und Mumia Abu-Jamal) Veranst. Rote Hilfe Ortsgruppe Kiel<br \/>\nKulturzentrum Hansastr. 48 &#8211; Holzraum<br \/>\n24118 Kiel<\/p>\n<p>Fr,18.03.2011, Mainz,Weltm\u00f6belladen, 19:30<br \/>\nMumia Abu Jamal &#8211; <a href=\"http:\/\/www.18maerz.de\/web\/index.php\/component\/eventlist\/details\/26-besuche-im-todestrakt-von-mumia\" target=\"_blank\">Michael Schiffmann berichtet \u00fcber seine Besuche im Todestrakt und den aktuellen Prozess des zum Tode verurteilten afro-amerikanischen Journalisten<\/a>.<br \/>\nVeranstalterin:Rote Hilfe e.V. OG Mainz<br \/>\nWeltm\u00f6belladen<br \/>\nRheinallee79 \u2013 81<br \/>\n55118 Mainz<\/p>\n<p>18.03.2011, N\u00fcrnberg, KOMM 20:00<br \/>\nFilm: &#8220;<a href=\"http:\/\/www.18maerz.de\/web\/index.php\/component\/eventlist\/details\/24-justice-on-trial-the-case-of-mumia-abu-jamal\" target=\"_blank\">JUSTICE ON TRIAL &#8211; The case of Mumia Abu-Jamal<\/a>&#8221; (USA,2010)<br \/>\nDer neue Film der &#8220;big noise production&#8221; \u00fcber Mumia Abu Jamal.<br \/>\n&#8220;Projekt Ged\u00e4chtnis&#8221; des LAIKA-Verlags in Kooperation mit der Regionalgruppe N\u00fcrnberg-F\u00fcrth-Erlangen der Roten Hilfe e.V.<br \/>\nKOMM<br \/>\nUntere Seitenstr. 1<br \/>\n90429 N\u00fcrnberg<\/p>\n<p>Sa,19.03.2011 InternetRadio13 &#8211; 15:00<br \/>\n2st\u00fcndige Sondersendung zum Tag der politischen Gefangenen: Geschichte des 18. M\u00e4rz, Interview mit Berliner Konferenzvorbereitung, Schwerpunkt &#8211; Vorstellung verschiedener politischer Gefangener in den USA, Ausschnitte aus dem Mumia-H\u00f6rbuch u.v.m.<br \/>\n<a href=\"http:\/\/85.214.123.163:8000\/metropolis.m3u\" target=\"_blank\">Weltweit im Internet<\/a><\/p>\n<p>Sa, 19.03.2001, Berlin<br \/>\n<a href=\"http:\/\/www.freie-radios.net\/39259\" target=\"_blank\">Kongre\u00df zum Tag der politischen Gefangenen 2011<\/a><br \/>\nab 12:00 in der Schule f\u00fcr Erwachsenenbildung (SfE)<br \/>\nIm zweiten Block geht es u.a. um Mumia und politische Langzeitgefangene in den USA. Mumia und die inhaftierte Anw\u00e4ltin Lynne Stewart sind f\u00fcr Beitr\u00e4ge f\u00fcr die Konferenz angefragt.<br \/>\nSfE im Mehringhof<br \/>\nGneisenaustr.2a<br \/>\n10961 Berlin<\/p>\n<p>Mo,21.03.2011, Berlin20:30, Zilona Gora<br \/>\n<a href=\"http:\/\/www.18maerz.de\/web\/index.php\/component\/eventlist\/details\/30-politische-langzeitgefangene-in-den-usa\" target=\"_blank\">Politische Langzeitgefangene in den USA<\/a> &#8211; \u00fcber Mumia Abu-Jamal und andere Gefangene des afroamerikanischen und indigenen Widerstands<br \/>\nZilona Gora<br \/>\nGr\u00fcnbergerStr. 73<br \/>\n10245 Berlin\/F-Hain<br \/>\ngemeinsam vom Internationalistischen Abend und Berliner Free Mumia B\u00fcndnis<\/p>\n<p>Mi,30.03.2011, T\u00fcbingen,Wohnprojekt Schellingstr.6<br \/>\n<a href=\"http:\/\/www.18maerz.de\/web\/index.php\/component\/eventlist\/details\/31-freiheit-fuer-mumia-abu-jamal\" target=\"_blank\">Freiheit f\u00fcr Mumia Abu-Jamal! &#8211; aktuelle Infos und Hintergr\u00fcnde<\/a><br \/>\nWohnprojekt Schellingstr.6 &#8211; Hausbar<br \/>\n72072 T\u00fcbingen<\/p>\n<p>regelm\u00e4ssige Beitr\u00e4ge von und \u00fcber Mumia Abu-Jamal auf RADIOAKTIV<br \/>\n<a href=\"http:\/\/85.214.123.163:8000\/metropolis.m3u\" target=\"_blank\">&#8220;RadioAktiv&#8221; Montag 20-21 im Internet<\/a><br \/>\nWiederholung die ganze Woche zu jeder geraden Stunde<\/p>\n<p><strong>Freiheit f\u00fcr politische Gefangene<\/strong><\/p>\n<p><a href=\"http:\/\/www.fgbrdkuba.de\/termine\/kalender.html#cuban-five-03\" target=\"_blank\">Aktionstag f\u00fcr Cuban 5<\/a> &#8211; Samstag, 05.03.2011, 03:00-11:00 Uhr<br \/>\nDer F\u00fcnfte f\u00fcr die F\u00fcnf &#8211; Tag zur Unterst\u00fctzung der Cuban 5 -Weltweit: Faxen, e-mailen und anrufen!<br \/>\nZum F\u00fcnten jeden Monats: Erheben wir unsere Stimme f\u00fcr die Cuban Five<\/p>\n<p>Termine und Hintergrund Infos zum Tag der politischen Gefangenen 2011 auf der <a href=\"http:\/\/www.18maerz.de\/\" target=\"_blank\">Sonderseite der Roten Hilfe e.V.<\/a><\/p>\n<p>Im Februar 2011 kam <a href=\"http:\/\/denverabc.wordpress.com\/2011\/02\/19\/judge-rules-in-favor-of-angola-threes-albert-woodfox\/\" target=\"_blank\">Bewegung in den Fall von Albert Woodfox<\/a>. Er ist Mitbegr\u00fcnder der Black Panther Party im ber\u00fcchtigten USamerikanischen Arbeitslager und Gef\u00e4ngnis Angola gewesen. 1972 wurden ihm und anderen der Mord an einem Schlie\u00dfer in die Schuhe geschoben. Sein Verfahren war wie in so vielen anderen F\u00e4llen mit Manipulationen und gro\u00dfer Unfairness durchzogen. Nun soll es eine Beweisanh\u00f6rung \u00fcber Diskriminierung bei der urspr\u00fcnglichen Juryauswahl geben. Auch das Gericht geht davon aus, dass diese stattgefunden hat. Jetzt hat die Staatsanwaltschaft die Gelegenheit,dem zu entgegnen. Das ist ein kleiner, aber wichtiger Schritt, um die Verurteilung von Albert Woodfox aufzuheben. weitere Infos<\/p>\n<p><strong>Gegen Polizeigewalt und Repression<\/strong><\/p>\n<p>Gesinnungsprozess gegen Berliner Buchh\u00e4ndlerInnen &#8211; <a href=\"http:\/\/unzensiert-lesen.de\/\" target=\"_blank\">Berichte vom 1. Prozesstermin<\/a> (18.02.2011)<\/p>\n<p>[<a href=\"http:\/\/de.indymedia.org\/2011\/02\/300772.shtml\" target=\"_blank\">B<\/a>] Solidemo f\u00fcr Gefangene in Wei\u00dfrussland (18.02.2011)<\/p>\n<p><a href=\"http:\/\/www.counterpunch.org\/washington02082011.html\" target=\"_blank\">How Cities Like Philadelphia Waste Millions a Year Defending Crooked Cops<\/a> (09.02.2011 &#8211; engl)<\/p>\n<p>(<a href=\"http:\/\/www.youtube.com\/watch?v=cmP3mlF36d8\" target=\"_blank\">Video<\/a>) Schwere Polizeigewalt bei Anti-R\u00e4umungsprotesten in Berlin(29.01.2011)<\/p>\n<p><strong>Linkliste:<\/strong><\/p>\n<p>&#8220;socialnetworks&#8221; des Berliner Free Mumia B\u00fcndnisses:<\/p>\n<p><a class=\"twitter-timeline\" data-width=\"640\" data-height=\"960\" data-dnt=\"true\" href=\"https:\/\/twitter.com\/Free_Mumia?ref_src=twsrc%5Etfw\">Tweets by Free_Mumia<\/a><script async src=\"https:\/\/platform.twitter.com\/widgets.js\" charset=\"utf-8\"><\/script><br \/>\nhttp:\/\/myspace.com\/FreiheitfrMumia<br \/>\nhttp:\/\/de-de.facebook.com\/people\/Anton-Mestin\/100001505521584<\/p>\n<p>Wir hoffen, gut informiert zu haben.<\/p>\n","protected":false},"excerpt":{"rendered":"<p>Am 28. Januar 2011 beauftragte Mumia Abu-Jamal den NAACP Legal Defense and Educational Fund, Inc. (LDF), um ihn in seinem Verfahren zu unterst\u00fctzen. LDF wird das Verteidigerteam um Judy Ritter, die Mumia Abu-Jamal seit 2003 vertritt, verst\u00e4rken. Noch gibt es &hellip; <a href=\"https:\/\/www.lagota.ch\/?p=525\">Continue reading <span class=\"meta-nav\">&rarr;<\/span><\/a><\/p>\n","protected":false},"author":1,"featured_media":0,"comment_status":"open","ping_status":"open","sticky":false,"template":"","format":"standard","meta":{"footnotes":""},"categories":[9,15,6],"tags":[],"class_list":["post-525","post","type-post","status-publish","format-standard","hentry","category-informationskampagne","category-mumia-abu-jamal","category-news"],"_links":{"self":[{"href":"https:\/\/www.lagota.ch\/index.php?rest_route=\/wp\/v2\/posts\/525","targetHints":{"allow":["GET"]}}],"collection":[{"href":"https:\/\/www.lagota.ch\/index.php?rest_route=\/wp\/v2\/posts"}],"about":[{"href":"https:\/\/www.lagota.ch\/index.php?rest_route=\/wp\/v2\/types\/post"}],"author":[{"embeddable":true,"href":"https:\/\/www.lagota.ch\/index.php?rest_route=\/wp\/v2\/users\/1"}],"replies":[{"embeddable":true,"href":"https:\/\/www.lagota.ch\/index.php?rest_route=%2Fwp%2Fv2%2Fcomments&post=525"}],"version-history":[{"count":2,"href":"https:\/\/www.lagota.ch\/index.php?rest_route=\/wp\/v2\/posts\/525\/revisions"}],"predecessor-version":[{"id":528,"href":"https:\/\/www.lagota.ch\/index.php?rest_route=\/wp\/v2\/posts\/525\/revisions\/528"}],"wp:attachment":[{"href":"https:\/\/www.lagota.ch\/index.php?rest_route=%2Fwp%2Fv2%2Fmedia&parent=525"}],"wp:term":[{"taxonomy":"category","embeddable":true,"href":"https:\/\/www.lagota.ch\/index.php?rest_route=%2Fwp%2Fv2%2Fcategories&post=525"},{"taxonomy":"post_tag","embeddable":true,"href":"https:\/\/www.lagota.ch\/index.php?rest_route=%2Fwp%2Fv2%2Ftags&post=525"}],"curies":[{"name":"wp","href":"https:\/\/api.w.org\/{rel}","templated":true}]}}