{"id":709,"date":"2011-06-10T19:13:23","date_gmt":"2011-06-10T17:13:23","guid":{"rendered":"http:\/\/www.lagota.ch\/?p=709"},"modified":"2011-06-10T19:14:47","modified_gmt":"2011-06-10T17:14:47","slug":"a4-camp-in-benken-10-bis-13-juni-2011","status":"publish","type":"post","link":"https:\/\/www.lagota.ch\/?p=709","title":{"rendered":"A4-Camp in Benken \/\/ 10. bis 13. Juni 2011"},"content":{"rendered":"<p><a href=\"https:\/\/www.lagota.ch\/wp-content\/uploads\/flyer1.jpg\"><img loading=\"lazy\" decoding=\"async\" class=\"alignright size-full wp-image-710\" title=\"flyer1\" src=\"https:\/\/www.lagota.ch\/wp-content\/uploads\/flyer1.jpg\" alt=\"\" width=\"345\" height=\"691\" \/><\/a>Bereits vor dem Erdbeben in Japan und den  Ereignissen im AKW Fukushima war Widerstand gegen die Atomkraft in der  Schweiz ein Thema.<br \/>\nAtomm\u00fcll strahlt und bedroht das Leben in der Umgebung w\u00e4hrend  zehntausenden von Jahren. Verschiedene Standorte in der Schweiz stehen  als Atomm\u00fcllendlagerst\u00e4tten zur Debatte. Drei Atomkraftwerke werden  altershalber bald vom Netz gehen und die Atomlobby wollte zumindest bis  vor dem 11. M\u00e4rz (Erdbeben in Japan) zwei neue bauen lassen. Sie sprach  daher von einem ansonsten drohenden Versorgungsengpass und bezeichnete  Atomstrom als umweltfreundlich. Aufgrund der ver\u00e4nderten Situation soll  nun ein Umdenken stattgefunden haben. Zumindest behaupten sie dies.  Gorleben und Fukushima zeigen aber mehr als deutlich, dass die  Zauberlehrlinge noch lange nicht die radioaktiven Kr\u00e4fte zu b\u00e4ndigen  verm\u00f6gen, die sie einst entfesselt und mit deren negativen Folgen  bereits jetzt Tausende von Menschen zu leben haben (oder eben: hatten).<\/p>\n<p>Im Zuge der nun real gewordenen  Katastrophe rufen die Umweltverb\u00e4nde, sonstigen \u201egr\u00fcnen\u201c Kr\u00e4fte und  jene, die sich aufgrund der aktuellen Situation einen gr\u00fcnen Anstrich  verpassen wollen, zum stets freundlichen und konformistischen Protest  gegen die Atomkraft auf. Sie versuchen uns davon zu \u00fcberzeugen, dass wir  uns gerade jetzt daf\u00fcr einsetzen sollten, dass \u00fcberall Solarpanels,  Windr\u00e4der und Wasserkraftwerke hingebaut werden m\u00fcssen. Ihr Credo  richtet sich dabei an einen Markt, der die Atomkraft verbannen soll und  den stets anwachsenden Energieverbrauch durch alternative Energiequellen  decken kann. Da dieses Glaubensbekenntnis es aber nicht vermag, die  Gr\u00e4ueltaten an der Natur und den Menschen \u2013 durch die kapitalistische  Ausbeutung und Produktionsweise \u2013 zu einem Ende zu bringen, kann es nur  als eine verk\u00fcrzte Kritik am nuklearen Disaster abgetan werden.  Reformistischer Umweltschutz, solcher also, der gleichzeitig auch die  Wirtschaft sch\u00fctzen will und somit nicht an den Grundpfeilern der  industriellen Gesellschaft zu r\u00fctteln wagt, ist bloss ein Produkt zur  Beruhigung des schlechten Gewissens. Die heutigen Produktionsweisen und  die dahinter stehende Idee, dass unbedingt Gewinn erwirtschaftet werden  muss, sind der Rahmen, innerhalb dessen all die Verw\u00fcstungen  stattfinden. Der Kapitalismus ist nicht vereinbar mit einer intakten  Umwelt und sich frei und gemeinsam entfaltenden Menschen.<\/p>\n<p>Aus kapitalistischer Sicht ist es  selbstverst\u00e4ndlich, dass neue Technologien eingef\u00fchrt werden, sobald sie  Gewinn versprechen. Allf\u00e4llige Zweifel werden von einem Heer gut  bezahlter Wissenschaftler unter hypnotischen Phrasen der Beschwichtigung  begraben. Sei es nun bei Genmanipulationen, Nanotechnologien oder eben,  der Atomkraft. Und selbst da reden die Experten bereits davon, diese  Technologie weiter voranzutreiben. Nur m\u00fcssen sie nun etwas warten, bis  wir wieder dem Vergessen und der Apathie anheim gefallen sind.<\/p>\n<p>Dass reformistischer Widerstand (Briefe  schreiben, Petitionen, Initiativen, C\u00fcpli trinken gegen \u2026) oftmals nicht  einmal Reformen des Status Quo erreichen kann, liegt haupts\u00e4chlich  daran, dass er v\u00f6llig zahnlos ist und nichts und niemandem tats\u00e4chlich  wider-, also entgegen-, steht. Er l\u00e4sst uns bloss an die Herrschenden  appellieren, anstatt dass wir uns selbst erm\u00e4chtigen w\u00fcrden etwas zu  tun. Und darum ist er auch akzeptiert \u2013 er wird niemandem gef\u00e4hrlich.<br \/>\nWir wollen aber diesen Status Quo nicht, in der nur die Waren und das  Geld, nur Totes, wichtig sind und nicht wir und alles Lebendige. Wir  brauchen und wollen die grellbunten Waren nicht. Wonach wir uns sehnen  und wof\u00fcr wir k\u00e4mpfen ist eine Welt, in der Wir im Zentrum stehen und  uns gegenseitig helfen. Eine Welt die es versteht, vers\u00f6hnt mit Natur  und Tieren zu leben, fernab von ihrer Ausbeutung und Unterdr\u00fcckung. Doch  von solch einer Welt sind wir meilenweit entfernt. Um sie verwirklichen  zu k\u00f6nnen, m\u00fcssen wir uns mit vehementer Best\u00e4ndigkeit der herrschenden  Ideologie entgegenstellen. Wir wollen nicht mit den Politikern  verhandeln, die bestenfalls versuchen, das Jetzt etwas ertr\u00e4glicher zu  gestalten. Darum wollen wir sie auch nicht bitten die AKWs  auszuschalten. Wir m\u00fcssen Druck aufsetzen, aber nicht mittels  Unterschriften, die keinen Pfifferling wert sind. Wir m\u00fcssen unser Leben  endlich in die eigenen H\u00e4nde nehmen und die Entscheidungen treffen, die  uns betreffen.<\/p>\n<p>Darum geht es am A4-Camp. Um den  Widerstand gegen den Kapitalismus im Allgemeinen und gegen AKWs im  Speziellen. Um den Versuch des Kapitalismus, auch aus der\u00a0\u00f6kologischen  Katastrophe noch Profit zu schlagen: den gr\u00fcnen Kapitalismus. Und darum,  was Widerstand denn eigentlich heisst und warum er notwendig ist.<\/p>\n<p>Alle, die sich davon angesprochen f\u00fchlen, sind herzlich eingeladen an Pfingsten am A4-Camp teilzunehmen.<\/p>\n","protected":false},"excerpt":{"rendered":"<p>Bereits vor dem Erdbeben in Japan und den Ereignissen im AKW Fukushima war Widerstand gegen die Atomkraft in der Schweiz ein Thema.<br \/>\nAtomm\u00fcll strahlt und bedroht das Leben in der Umgebung w\u00e4hrend zehntausenden von Jahren. Verschiedene Standorte in der Schweiz stehen als Atomm\u00fcllendlagerst\u00e4tten zur Debatte. Drei Atomkraftwerke werden altershalber bald vom Netz gehen und die Atomlobby wollte zumindest bis vor dem 11. M\u00e4rz (Erdbeben in Japan) zwei neue bauen lassen. Sie sprach daher von einem ansonsten drohenden Versorgungsengpass und bezeichnete Atomstrom als umweltfreundlich. Aufgrund der ver\u00e4nderten Situation soll nun ein Umdenken stattgefunden haben. Zumindest behaupten sie dies. Gorleben und Fukushima zeigen aber mehr als deutlich, dass die Zauberlehrlinge noch lange nicht die radioaktiven Kr\u00e4fte zu b\u00e4ndigen verm\u00f6gen, die sie einst entfesselt und mit deren negativen Folgen bereits jetzt Tausende von Menschen zu leben haben (oder eben: hatten). <a href=\"https:\/\/www.lagota.ch\/?p=709\">Continue reading <span class=\"meta-nav\">&rarr;<\/span><\/a><\/p>\n","protected":false},"author":1,"featured_media":0,"comment_status":"open","ping_status":"open","sticky":false,"template":"","format":"standard","meta":{"footnotes":""},"categories":[6,21,16,4],"tags":[],"class_list":["post-709","post","type-post","status-publish","format-standard","hentry","category-news","category-okologie","category-schweiz","category-veranstaltung"],"_links":{"self":[{"href":"https:\/\/www.lagota.ch\/index.php?rest_route=\/wp\/v2\/posts\/709","targetHints":{"allow":["GET"]}}],"collection":[{"href":"https:\/\/www.lagota.ch\/index.php?rest_route=\/wp\/v2\/posts"}],"about":[{"href":"https:\/\/www.lagota.ch\/index.php?rest_route=\/wp\/v2\/types\/post"}],"author":[{"embeddable":true,"href":"https:\/\/www.lagota.ch\/index.php?rest_route=\/wp\/v2\/users\/1"}],"replies":[{"embeddable":true,"href":"https:\/\/www.lagota.ch\/index.php?rest_route=%2Fwp%2Fv2%2Fcomments&post=709"}],"version-history":[{"count":4,"href":"https:\/\/www.lagota.ch\/index.php?rest_route=\/wp\/v2\/posts\/709\/revisions"}],"predecessor-version":[{"id":714,"href":"https:\/\/www.lagota.ch\/index.php?rest_route=\/wp\/v2\/posts\/709\/revisions\/714"}],"wp:attachment":[{"href":"https:\/\/www.lagota.ch\/index.php?rest_route=%2Fwp%2Fv2%2Fmedia&parent=709"}],"wp:term":[{"taxonomy":"category","embeddable":true,"href":"https:\/\/www.lagota.ch\/index.php?rest_route=%2Fwp%2Fv2%2Fcategories&post=709"},{"taxonomy":"post_tag","embeddable":true,"href":"https:\/\/www.lagota.ch\/index.php?rest_route=%2Fwp%2Fv2%2Ftags&post=709"}],"curies":[{"name":"wp","href":"https:\/\/api.w.org\/{rel}","templated":true}]}}