{"id":751,"date":"2011-07-08T11:21:08","date_gmt":"2011-07-08T09:21:08","guid":{"rendered":"http:\/\/www.lagota.ch\/?p=751"},"modified":"2011-07-08T11:21:08","modified_gmt":"2011-07-08T09:21:08","slug":"prozess-in-bellinzona-am-192022-juli-gegen-billy-costa-und-silvia","status":"publish","type":"post","link":"https:\/\/www.lagota.ch\/?p=751","title":{"rendered":"Prozess in Bellinzona am 19\/20\/22 Juli gegen Billy, Costa und Silvia"},"content":{"rendered":"<p><a href=\"https:\/\/www.lagota.ch\/wp-content\/uploads\/billy1.jpg\"><img loading=\"lazy\" decoding=\"async\" class=\"alignleft size-medium wp-image-752\" title=\"billy1\" src=\"https:\/\/www.lagota.ch\/wp-content\/uploads\/billy1-211x300.jpg\" alt=\"\" width=\"211\" height=\"300\" srcset=\"https:\/\/www.lagota.ch\/wp-content\/uploads\/billy1-211x300.jpg 211w, https:\/\/www.lagota.ch\/wp-content\/uploads\/billy1.jpg 452w\" sizes=\"auto, (max-width: 211px) 100vw, 211px\" \/><\/a>Quelle: <a href=\"http:\/\/anarchistische-aktion-zentralschweiz.over-blog.de\/\" target=\"_blank\">http:\/\/anarchistische-aktion-zentralschweiz.over-blog.de\/<\/a><\/p>\n<p>Das Datum f\u00fcr den Prozess gegen Billy, Costa und Silvia wurde festgelegt: Am Dienstag, 19. Juli, wird die Hauptverhandlung stattfinden, die eventuell bis am Mittwoch, 20. Juli, dauern kann. Am Freitag, 22. Juli wird das Urteil ausgesprochen.<br \/>\nNach mehr als einem Jahr Haft, gepr\u00e4gt von Gef\u00e4ngnisverlegungen, Restriktionen und Postzensur, wird der staatliche Repressionsapparat versuchen, ein Schlag gegen die drei Gef\u00e4hrten\/in zu machen, denen folgende Taten vorgeworfen werden: Vorbereitungshandlungen zu Brandstiftung, Verbergen und Weiterschaffen von Sprengstoffen sowie unbefugter Verkehr (Einfuhr) mit Sprengmitteln.<br \/>\nDieses Repressionsman\u00f6ver richtet sich nicht nur gegen die drei Angeklagten, sondern gegen alle, die in der Ablehnung der bestehendenVerh\u00e4ltnisse eine dringende Notwendigkeit versp\u00fcren, die herrschende Ordnung umzust\u00fcrzen und anzugreifen, gegen alle, die in der direkten Aktion einen entscheidenden Schritt im Kampf f\u00fcr die Freiheit und gegen die heutige Gesellschaftt sehen. Dasselbe Szenarium erlebten wir schon vor ein paar Jahren, als der Staat Marco Camenisch verfolgte, um ihn und die Anti-Atom Bewegung einzusch\u00fcchtern. Ein Schlag ins Leere, denn Marco hat trotz Gefangenschaft nie aufgegeben und k\u00e4mpft mit revolution\u00e4rem und rebellischem Geist weiter!<br \/>\nHeute glauben sie, mit dem Angriff gegen die drei Gef\u00e4hrten\/in den Kampf gegen die neuen Technologien (Biotechnologie und Nanotechnologie) zu unterbinden. Ein Kampf, der in der Schweiz noch nicht weit vorangebracht worden war, sich jedoch durch die Festnahme der drei Gef\u00e4hrten\/in in den sozialen K\u00e4mpfen entwickelte und radikalisierte.<br \/>\nF\u00fcr uns ist der Drang nach der Umw\u00e4lzung des Bestehenden dieses gemeinsame Gef\u00fchl, das die Solidarit\u00e4t mit Billy, Costa und Silvia antreibt. Deshalb wollen wir zu einer Mobilisierung an den Prozesstagen aufrufen und bekr\u00e4ftigen, dass jeder Angriff gegen Gef\u00e4hrtInnen ein Angriff gegen alle ist, die Leidenschaftlich f\u00fcr die Freiheit und gegen Staat und Kapital k\u00e4mpfen.<br \/>\n<a href=\"https:\/\/www.lagota.ch\/wp-content\/uploads\/billy2.jpg\"><img loading=\"lazy\" decoding=\"async\" class=\"alignright size-medium wp-image-753\" title=\"billy2\" src=\"https:\/\/www.lagota.ch\/wp-content\/uploads\/billy2-211x300.jpg\" alt=\"\" width=\"211\" height=\"300\" srcset=\"https:\/\/www.lagota.ch\/wp-content\/uploads\/billy2-211x300.jpg 211w, https:\/\/www.lagota.ch\/wp-content\/uploads\/billy2.jpg 452w\" sizes=\"auto, (max-width: 211px) 100vw, 211px\" \/><\/a>Wir werden im Gerichtssaal anwesend sein, um an der Seite von Billy, Costa und Silvia zu stehen. Um nicht zuzulassen, dass sich die Solidarit\u00e4t in ein steriles Wort verwandelt, sondern in unseren Augen aufleuchtet und in unseren Taten lebt &#8211; Augen, die beim Gedanken an die Freiheit leuchten und sich beim Gedanken an alle gefangenen Gef\u00e4hrtInnen, mit Blut und Wut f\u00fcllen. Taten, mit denen wir unsere eingesperrten Gef\u00e4hrtInnen noch immer an unserer Seite sp\u00fcren.<\/p>\n","protected":false},"excerpt":{"rendered":"<p>Das Datum f\u00fcr den Prozess gegen Billy, Costa und Silvia wurde festgelegt: Am Dienstag, 19. Juli, wird die Hauptverhandlung stattfinden, die eventuell bis am Mittwoch, 20. Juli, dauern kann. Am Freitag, 22. Juli wird das Urteil ausgesprochen. <a href=\"https:\/\/www.lagota.ch\/?p=751\">Continue reading <span class=\"meta-nav\">&rarr;<\/span><\/a><\/p>\n","protected":false},"author":1,"featured_media":0,"comment_status":"open","ping_status":"open","sticky":false,"template":"","format":"standard","meta":{"footnotes":""},"categories":[6,21,16],"tags":[29,28,27,30],"class_list":["post-751","post","type-post","status-publish","format-standard","hentry","category-news","category-okologie","category-schweiz","tag-anti-atom","tag-knast","tag-repression","tag-solidaritat"],"_links":{"self":[{"href":"https:\/\/www.lagota.ch\/index.php?rest_route=\/wp\/v2\/posts\/751","targetHints":{"allow":["GET"]}}],"collection":[{"href":"https:\/\/www.lagota.ch\/index.php?rest_route=\/wp\/v2\/posts"}],"about":[{"href":"https:\/\/www.lagota.ch\/index.php?rest_route=\/wp\/v2\/types\/post"}],"author":[{"embeddable":true,"href":"https:\/\/www.lagota.ch\/index.php?rest_route=\/wp\/v2\/users\/1"}],"replies":[{"embeddable":true,"href":"https:\/\/www.lagota.ch\/index.php?rest_route=%2Fwp%2Fv2%2Fcomments&post=751"}],"version-history":[{"count":1,"href":"https:\/\/www.lagota.ch\/index.php?rest_route=\/wp\/v2\/posts\/751\/revisions"}],"predecessor-version":[{"id":754,"href":"https:\/\/www.lagota.ch\/index.php?rest_route=\/wp\/v2\/posts\/751\/revisions\/754"}],"wp:attachment":[{"href":"https:\/\/www.lagota.ch\/index.php?rest_route=%2Fwp%2Fv2%2Fmedia&parent=751"}],"wp:term":[{"taxonomy":"category","embeddable":true,"href":"https:\/\/www.lagota.ch\/index.php?rest_route=%2Fwp%2Fv2%2Fcategories&post=751"},{"taxonomy":"post_tag","embeddable":true,"href":"https:\/\/www.lagota.ch\/index.php?rest_route=%2Fwp%2Fv2%2Ftags&post=751"}],"curies":[{"name":"wp","href":"https:\/\/api.w.org\/{rel}","templated":true}]}}