{"id":760,"date":"2011-07-13T14:33:30","date_gmt":"2011-07-13T12:33:30","guid":{"rendered":"http:\/\/www.lagota.ch\/?p=760"},"modified":"2011-07-13T14:33:30","modified_gmt":"2011-07-13T12:33:30","slug":"agypten-strassenschlachten-und-tote-in-suez","status":"publish","type":"post","link":"https:\/\/www.lagota.ch\/?p=760","title":{"rendered":"\u00c4gypten: Strassenschlachten und Tote in Suez"},"content":{"rendered":"<p>Quelle: <strong>http:\/\/de.indymedia.org\/2011\/07\/311580.shtml<\/strong><\/p>\n<p><strong>Nach Tagen der Ruhe hat am Sonntag Nachmittag die Armee die Demonstranten in Suez angegriffen(dort wurde, ebenso wie in Kairo, ein grosses Zeltlager auf einem zentralen Platz errichtet), nachdem diese damit gedroht hatten, den Suez Kanal zu blockieren<\/strong><\/p>\n<p><a href=\"https:\/\/www.lagota.ch\/wp-content\/uploads\/suez.jpg\"><img loading=\"lazy\" decoding=\"async\" class=\"alignright size-medium wp-image-761\" title=\"suez\" src=\"https:\/\/www.lagota.ch\/wp-content\/uploads\/suez-300x224.jpg\" alt=\"\" width=\"300\" height=\"224\" srcset=\"https:\/\/www.lagota.ch\/wp-content\/uploads\/suez-300x224.jpg 300w, https:\/\/www.lagota.ch\/wp-content\/uploads\/suez.jpg 427w\" sizes=\"auto, (max-width: 300px) 100vw, 300px\" \/><\/a>Die ganze Nacht \u00fcber kam es heftigen Auseinandersetzungen, bei denen drei Menschen get\u00f6tet wurden.<br \/>\nDa es in den deutschsprachigen Medien (\u00fcbrigens auch nicht in den englischsprachigen, was die aktuelle Entwicklung angeht)keinerlei Berichterstattung dazu gibt,diese kurzen Informationen von uns.<br \/>\nSchon vor diesen Auseinandersetzungen kam es zu massiven Protesten, mehrere Hauptstrassen wurden dauerhaft blockiert, das \u201e\u00f6ffentliche Leben\u201c kam fast v\u00f6llig zum Erliegen.<br \/>\nDie Hafenarbeiter von Suez, die sich in einem dreiw\u00f6chigen Ausstand befinden, haben sich ebenso den Protesten angeschlossen, wie Arbeiter mehrerer Fabriken, die sich derzeit ebenfalls im Streik befinden<\/p>\n<p>Suez war schon w\u00e4hrend der \u201eersten Revolution\u201c Anfang des Jahres Schauplatz erbitterter Auseinandersetzungen zwischen den Aufst\u00e4ndischen und den Sicherheitskr\u00e4ften, die noch heftiger als in Kairo waren. Die Stadt verf\u00fcgt \u00fcber eine mittlerweile gutorganisierte Arbeiterschaft, die aktiv an den Protesten teilnimmt. Die derzeitige Protestwelle (die \u201ezweite Revolution\u201c, wie die \u00c4gypter sie nennen) begann in Suez, als vor einer Woche w\u00fctende Demonstranten das Polizeihauptquartier und das Gericht angriffen, nachdem mehrere Polizisten freigelassen wurden, die vermutlich an den Massakern w\u00e4hrend der Demonstrationen Anfang des Jahres beteiligt waren.<\/p>\n<p>In Kairo wird unterdessen der Tahrir Platz weiterhin von zehntausenden Menschen besetzt gehalten, auch in der Nacht zu heute wurde dort diskutiert, musiziert, skandiert\u2026<\/p>\n<p>Wesentliche Teile dieser Informationen zu den aktuellen Ereignissen haben wir<a href=\"http:\/\/egyptianspring.blogsport.de\/\" target=\"_blank\"> http:\/\/egyptianspring.blogsport.de\/<\/a> entnommen und f\u00fcr Euch ins Deutsche \u00fcbersetzt<\/p>\n<p>Solidarische Gr\u00fcsse and Dank an dieser Stelle<\/p>\n<p><a href=\"http:\/\/uprising.blogsport.de\/ \" target=\"_blank\">http:\/\/uprising.blogsport.de\/ <\/a><\/p>\n","protected":false},"excerpt":{"rendered":"<p>Nach Tagen der Ruhe hat am Sonntag Nachmittag die Armee die Demonstranten in Suez angegriffen(dort wurde, ebenso wie in Kairo, ein grosses Zeltlager auf einem zentralen Platz errichtet), nachdem diese damit gedroht hatten, den Suez Kanal zu blockieren <a href=\"https:\/\/www.lagota.ch\/?p=760\">Continue reading <span class=\"meta-nav\">&rarr;<\/span><\/a><\/p>\n","protected":false},"author":1,"featured_media":0,"comment_status":"open","ping_status":"open","sticky":false,"template":"","format":"standard","meta":{"footnotes":""},"categories":[10,6],"tags":[31,33,32,34],"class_list":["post-760","post","type-post","status-publish","format-standard","hentry","category-aus-aller-welt","category-news","tag-agypten","tag-aufstand","tag-revolution","tag-riot"],"_links":{"self":[{"href":"https:\/\/www.lagota.ch\/index.php?rest_route=\/wp\/v2\/posts\/760","targetHints":{"allow":["GET"]}}],"collection":[{"href":"https:\/\/www.lagota.ch\/index.php?rest_route=\/wp\/v2\/posts"}],"about":[{"href":"https:\/\/www.lagota.ch\/index.php?rest_route=\/wp\/v2\/types\/post"}],"author":[{"embeddable":true,"href":"https:\/\/www.lagota.ch\/index.php?rest_route=\/wp\/v2\/users\/1"}],"replies":[{"embeddable":true,"href":"https:\/\/www.lagota.ch\/index.php?rest_route=%2Fwp%2Fv2%2Fcomments&post=760"}],"version-history":[{"count":2,"href":"https:\/\/www.lagota.ch\/index.php?rest_route=\/wp\/v2\/posts\/760\/revisions"}],"predecessor-version":[{"id":763,"href":"https:\/\/www.lagota.ch\/index.php?rest_route=\/wp\/v2\/posts\/760\/revisions\/763"}],"wp:attachment":[{"href":"https:\/\/www.lagota.ch\/index.php?rest_route=%2Fwp%2Fv2%2Fmedia&parent=760"}],"wp:term":[{"taxonomy":"category","embeddable":true,"href":"https:\/\/www.lagota.ch\/index.php?rest_route=%2Fwp%2Fv2%2Fcategories&post=760"},{"taxonomy":"post_tag","embeddable":true,"href":"https:\/\/www.lagota.ch\/index.php?rest_route=%2Fwp%2Fv2%2Ftags&post=760"}],"curies":[{"name":"wp","href":"https:\/\/api.w.org\/{rel}","templated":true}]}}