{"id":773,"date":"2011-07-18T19:04:30","date_gmt":"2011-07-18T17:04:30","guid":{"rendered":"http:\/\/www.lagota.ch\/?p=773"},"modified":"2011-07-18T19:04:30","modified_gmt":"2011-07-18T17:04:30","slug":"vorkomnisse-16-17-07-luzern","status":"publish","type":"post","link":"https:\/\/www.lagota.ch\/?p=773","title":{"rendered":"Vorkomnisse 16.- 17.07-Luzern"},"content":{"rendered":"<p><strong>\ufeffUnd wieder Mal k\u00f6nnen Sie es nicht lassen. In Luzern scheinen ein paar polizeiliche Entscheidungstr\u00e4ger_innen an einem ernsthaften und sehr ausgepr\u00e4gtem Machtgeltungssyndrom zu leiden.<\/strong><\/p>\n<p>Doch lasst uns am Anfang der Geschichte  beginnen: Verschiedene lose Gruppierungen, mobilisierten dieses  Wochenende zur 2t\u00e4gigen Sauvage \u201efree your bunker\u201c , auf der luzerner  Allmend. Am Freitag Abend folgten rund 400 Personen diesem Aufruf. Bis  auf einen kleinen Besuch, seitens einer Polizeistreife, welche sich  schnell wieder aus dem Staub machte verlief der Abend ruhig. Auf dem  Nachhauseweg, wurden mehrere Personen durch die Polizei kontrolliert.<br \/>\nAm  Samstag Nachmittag kam dann hoher Besuch auf die Allmend. Ursi  \u201ec\u00fcpli-sozi\u201c St\u00e4mmer (Sicherheitsdirektorin Stadt Luzern) gefolgt von  Beat \u201eVideo-Experte\u201c Henseler (Kommadant Luzerner Polizei) schl\u00e4nderten  duch die Naherholungszone Allmend. Bei dieser Gelegenheit liessen sie  verlauten, dass die Musik nur bis 1 Uhr geduldet wird. So weit sch\u00f6n und  gut. Die beiden Turtelt\u00e4ubchen machten sich dann auch bald wieder Mal  aus dem Staub und es wurde Abend in der Stadt.<br \/>\nRund 200 Personen  waren ausgelassen am Feiern, als rund 10 Zivilpolizisten der  Kriminalpolizei, daf\u00fcr sorgten, dass die Musik leiser gemacht wird. Dies  liess die Stimmung jedoch auch nicht wirklich senken und so ging es  nun, bei ein bisschen leiserer Musik, weiter. Es wurde jedoch auch damit  begonnen, die Zufahrtsstrassen ein bisschen besser im Auge zu  behalten&#8230;<br \/>\nDies erwies sich als eine gute Idee. Gegen 01.20Uhr  tauchten n\u00e4mlich mehrere Fahrzeuge des Team\u201cblue\u201c auf. In voller  Kampfmontur und mit Gummischrott und Schlagstock (ach ne, stimmt  ja..Mehrzwcckstock) bewaffnet, stiegen rund 50 Polizisten aus ihren  Karren. \u00dcberraschender Weise, f\u00fchlten sich mehrere Partyg\u00e4nger_innen  durch diesen Auftritt leicht provoziert. So entschied mensch sich, diese  Raufbolde in Blau wieder nach Hause zu schicken. Die Beamten  wiedersetzten sich jedoch diesen Anweisungen und umzingelnten die beiden  Soundsysteme. Leider konnten sie Eines davon relativ schnell in ihre  Fahrzeuge verladen. Die Situation beim zweiten Soundsystem spitzte sich  nun zu. Mensch weigerte sich dieses auszuh\u00e4ndigen und leistete  erfolgreich Widerstand. Rund 45 Minuten sp\u00e4ter, schienen die Damen und  Herren in Blau genug von ihrem \u00f6den Job gehabt zu haben oder haben die  an dem Machtgelungssyndrom erkrankten Personen diesen Abend bereits  genug Befriedigung erhalten? Mensch kann diese Fragen nicht genau  beantworten, fest steht nur, dass den anwesenden Personen zugestanden  wurde, das Soundsystem selber abzur\u00e4umen und nicht zu konfiszieren. So  konnte dieses kurze Zeit sp\u00e4ter weg gebracht werden. Nun machten sich  die Bullen f\u00fcr den R\u00fcckzug bereit. Dieser wurde dann noch durch ein paar  \u00c4ste und Getr\u00e4nkedosen begleitet.<\/p>\n<p>Nicht erst seit diesem  Vorfall h\u00f6rt Mensch in Luzerns Gassen die Leute munkeln, dass Super  Bulle Henseler (Pr\u00e4sident der Konferenz der kantonalen  Polizeikommandanten) eins an der Waffel hat. Der Infanterie-Oberst  scheint mit etwas einfach nicht so recht klar zu kommen. Viellicht kann  der Hobby CVP- Politiker nicht verkraften, dass er von seiner Fraktion  nicht als Regierungsratkandidat auf die Liste genommen wurde. Vielleicht  muss er diese Grosseins\u00e4tze einfach immer wieder durchf\u00fchren lassen,  dass er nicht vergisst wie sie gehen&#8230;Da dr\u00e4ngt sich die Frage auf, ob  Herr H. Diesem Job noch gewachsen ist?<br \/>\nOder ist die Ursache f\u00fcr all  diese Kinderspiele viel simpler? Sind Beziehungsprobleme die Ursache f\u00fcr  diese machoiden Grosseins\u00e4tze?<\/p>\n<p>Fragen um Fragen.<\/p>\n<p>Quelle: <a href=\"http:\/\/ch.indymedia.org\/de\/2011\/07\/82571.shtml\" target=\"_blank\">http:\/\/ch.indymedia.org\/de\/2011\/07\/82571.shtml<\/a><\/p>\n","protected":false},"excerpt":{"rendered":"<p>Und wieder Mal k\u00f6nnen Sie es nicht lassen. In Luzern scheinen ein paar polizeiliche Entscheidungstr\u00e4ger_innen an einem ernsthaften und sehr ausgepr\u00e4gtem Machtgeltungssyndrom zu leiden. <a href=\"https:\/\/www.lagota.ch\/?p=773\">Continue reading <span class=\"meta-nav\">&rarr;<\/span><\/a><\/p>\n","protected":false},"author":1,"featured_media":0,"comment_status":"open","ping_status":"open","sticky":false,"template":"","format":"standard","meta":{"footnotes":""},"categories":[11,6,18],"tags":[42,43,23,44,24,27,48,47],"class_list":["post-773","post","type-post","status-publish","format-standard","hentry","category-luzern","category-news","category-squat-the-world","tag-allmend","tag-autonom","tag-hensler","tag-kultur","tag-polizei","tag-repression","tag-stammer","tag-zone"],"_links":{"self":[{"href":"https:\/\/www.lagota.ch\/index.php?rest_route=\/wp\/v2\/posts\/773","targetHints":{"allow":["GET"]}}],"collection":[{"href":"https:\/\/www.lagota.ch\/index.php?rest_route=\/wp\/v2\/posts"}],"about":[{"href":"https:\/\/www.lagota.ch\/index.php?rest_route=\/wp\/v2\/types\/post"}],"author":[{"embeddable":true,"href":"https:\/\/www.lagota.ch\/index.php?rest_route=\/wp\/v2\/users\/1"}],"replies":[{"embeddable":true,"href":"https:\/\/www.lagota.ch\/index.php?rest_route=%2Fwp%2Fv2%2Fcomments&post=773"}],"version-history":[{"count":1,"href":"https:\/\/www.lagota.ch\/index.php?rest_route=\/wp\/v2\/posts\/773\/revisions"}],"predecessor-version":[{"id":774,"href":"https:\/\/www.lagota.ch\/index.php?rest_route=\/wp\/v2\/posts\/773\/revisions\/774"}],"wp:attachment":[{"href":"https:\/\/www.lagota.ch\/index.php?rest_route=%2Fwp%2Fv2%2Fmedia&parent=773"}],"wp:term":[{"taxonomy":"category","embeddable":true,"href":"https:\/\/www.lagota.ch\/index.php?rest_route=%2Fwp%2Fv2%2Fcategories&post=773"},{"taxonomy":"post_tag","embeddable":true,"href":"https:\/\/www.lagota.ch\/index.php?rest_route=%2Fwp%2Fv2%2Ftags&post=773"}],"curies":[{"name":"wp","href":"https:\/\/api.w.org\/{rel}","templated":true}]}}