{"id":786,"date":"2011-07-27T14:09:45","date_gmt":"2011-07-27T12:09:45","guid":{"rendered":"http:\/\/www.lagota.ch\/?p=786"},"modified":"2011-07-27T14:10:35","modified_gmt":"2011-07-27T12:10:35","slug":"solidaritat-fur-silvia-billy-und-costa","status":"publish","type":"post","link":"https:\/\/www.lagota.ch\/?p=786","title":{"rendered":"Solidarit\u00e4t f\u00fcr Silvia, Billy und Costa"},"content":{"rendered":"<p><strong>Solidarit\u00e4t f\u00fcr Silvia, Billy und Costa<\/strong><br \/>\n<strong><br \/>\nIn der Nacht vom 26.7.11 auf den 27.7.11 wurde in solidarit\u00e4t f\u00fcr Silvia, Billy und Costa der Bullenposten in Ebikon mit der Aufschrift &#8220;Freiheit f\u00fcr Silvia, Billy und Costa&#8221; versch\u00f6nert <\/strong><\/p>\n<p>Im April 2010 wurden Silvia, Billy und Costa in der n\u00e4he von Z\u00fcrich verhaftet. Ihnen wurd vorgeworfen gegen die Baustelle eines Nanotechnologie-Forschungs-Zentrum (IBM) einen Anschlag geplant zu haben. IBM als multinationale amerikanische Pionierin der Nanotechnologie, will durch die Miniaturisierung elektronischer Komponenten auf der nanometrischen Skala neue Schlachtfelder f\u00fcr den Kapitalismus ergr\u00fcnden.<br \/>\nAm 22.Juli 2011 wurden Silvia, Billy und Costa zu 3.4-3.8 Jahren Haft verurteilt. Dieses Urteil nehmen wir nicht einfach so hin.<\/p>\n<p>WIR WERDEN KEINE RUHE GEBEN, BIS WIR OHNE KN\u00c4STE LEBEN!<br \/>\nFREIHEIT F\u00dcR SILVIA, BILLY UND COSTA!<br \/>\nFREIHEIT F\u00dcR ALLE GEFANGENEN!<\/p>\n<p>Quelle: <a href=\"http:\/\/ch.indymedia.org\/de\/2011\/07\/82712.shtml\" target=\"_blank\">http:\/\/ch.indymedia.org\/de\/2011\/07\/82712.shtml<\/a><\/p>\n","protected":false},"excerpt":{"rendered":"<p>In der Nacht vom 26.7.11 auf den 27.7.11 wurde in solidarit\u00e4t f\u00fcr Silvia, Billy und Costa der Bullenposten in Ebikon mit der Aufschrift &#8220;Freiheit f\u00fcr Silvia, Billy und Costa&#8221; versch\u00f6nert \t <a href=\"https:\/\/www.lagota.ch\/?p=786\">Continue reading <span class=\"meta-nav\">&rarr;<\/span><\/a><\/p>\n","protected":false},"author":1,"featured_media":0,"comment_status":"open","ping_status":"open","sticky":false,"template":"","format":"standard","meta":{"footnotes":""},"categories":[11,6,21],"tags":[51,53,64,65,27,52],"class_list":["post-786","post","type-post","status-publish","format-standard","hentry","category-luzern","category-news","category-okologie","tag-billy","tag-costa","tag-ebikon","tag-graffiti","tag-repression","tag-silvia"],"_links":{"self":[{"href":"https:\/\/www.lagota.ch\/index.php?rest_route=\/wp\/v2\/posts\/786","targetHints":{"allow":["GET"]}}],"collection":[{"href":"https:\/\/www.lagota.ch\/index.php?rest_route=\/wp\/v2\/posts"}],"about":[{"href":"https:\/\/www.lagota.ch\/index.php?rest_route=\/wp\/v2\/types\/post"}],"author":[{"embeddable":true,"href":"https:\/\/www.lagota.ch\/index.php?rest_route=\/wp\/v2\/users\/1"}],"replies":[{"embeddable":true,"href":"https:\/\/www.lagota.ch\/index.php?rest_route=%2Fwp%2Fv2%2Fcomments&post=786"}],"version-history":[{"count":3,"href":"https:\/\/www.lagota.ch\/index.php?rest_route=\/wp\/v2\/posts\/786\/revisions"}],"predecessor-version":[{"id":789,"href":"https:\/\/www.lagota.ch\/index.php?rest_route=\/wp\/v2\/posts\/786\/revisions\/789"}],"wp:attachment":[{"href":"https:\/\/www.lagota.ch\/index.php?rest_route=%2Fwp%2Fv2%2Fmedia&parent=786"}],"wp:term":[{"taxonomy":"category","embeddable":true,"href":"https:\/\/www.lagota.ch\/index.php?rest_route=%2Fwp%2Fv2%2Fcategories&post=786"},{"taxonomy":"post_tag","embeddable":true,"href":"https:\/\/www.lagota.ch\/index.php?rest_route=%2Fwp%2Fv2%2Ftags&post=786"}],"curies":[{"name":"wp","href":"https:\/\/api.w.org\/{rel}","templated":true}]}}