{"id":790,"date":"2011-07-29T15:36:08","date_gmt":"2011-07-29T13:36:08","guid":{"rendered":"http:\/\/www.lagota.ch\/?p=790"},"modified":"2011-07-29T15:36:08","modified_gmt":"2011-07-29T13:36:08","slug":"30-7-basel-kein-fussbreit-den-faschisten","status":"publish","type":"post","link":"https:\/\/www.lagota.ch\/?p=790","title":{"rendered":"30.7. Basel: Kein Fussbreit den Faschisten!"},"content":{"rendered":"<p>Claraplatz (Basel), 30.7.11 14:00<\/p>\n<p><strong>Das Attentat des nationalkonservativen Anders  Behring Breivik in Norwegen schockierte Menschen auf der ganzen Welt.  Mindestens 76 Menschen verloren dabei ihr Leben. Bedauerlicherweise  stufen die Medien dieses Massaker als Tat eines verwirrten und grausamen  Einzelt\u00e4ters ein. Doch sie muss im Zusammenhang von Gesellschaft und  Politik betrachtet werden. Schliesslich bezog sich der T\u00e4ter in seinem  Manif&#8230;est auf erschiedene rechte Parteien und Pers\u00f6nlichkeiten  Europas. Sie bildeten den ideologischen N\u00e4hrboden f\u00fcr das Massaker!<\/strong><br \/>\n<strong><br \/>\nRechtsrutsch in Europa<\/strong><\/p>\n<p>In Europa fallen immer mehr Wahlen und Abstimmungen zugunsten von rechten und faschistischen Parteien aus. In verschiedenen europ\u00e4ischen Staaten gibt es faschistische \u00dcbergriffe und Verfolgungen durch uniformierte und milit\u00e4risch organisierte Kampfgruppen. Rechtspolitiker wie Greet Wilders von der niederl\u00e4ndischen PVV oder Rechtspopulisten wie Thilo Sarrazin erhalten europaweit Zuspruch. Die Parteien und Organisationen am rechten Rand vernetzen sich zunehmend, um besser l\u00e4nder\u00fcbergreifend agieren zu k\u00f6nnen.<\/p>\n<p>Rechte Politik in der Schweiz<br \/>\nDie rechten schweizer Parteien mit ihrer offen fremdenfeindlichen und antisozialen Propaganda sind ein Vorbild f\u00fcr rechte Kr\u00e4fte in ganz Europa. Verschiedene rechte Gruppierungen \u2013 unter anderem die faschistische NPD in Deutschland \u2013 verwenden die gleichen Bilder und \u00e4hnliche Plakate f\u00fcr ihre Hetze. Die zunehmende Verarmung der breiten Bev\u00f6lkerung wird von den Parteien oft mit der Zuwanderung erkl\u00e4rt. So verschafft das Spiel mit der Angst vor dem Fremden den Rechtspopulisten immer wieder Aufwind in Wahlen und Abstimmungen wie zum Beispiel beim Minarettverbot.<\/p>\n<p><strong>Spaltung der Arbeitenden<\/strong><br \/>\nDie SVP als Partei, welche in Wahrheit die Interessen der Wirtschaftsm\u00e4chtigen vertritt, versucht den Reichtum ihrer Lobby auf Kosten der Arbeitenden zu erh\u00f6hen. Dazu verdecken sie den eigentlichen Verteilungskampf zwischen den Besitzenden der Produktionsmittel und den Arbeitenden, und sch\u00fcren stattdessen die Existenzangst und den Sozialneid zwischen denjenigen, die sowieso schon wenig haben. Fremdenfeindlichkeit wird so zum Mittel des Klassenkampfes von oben. Bei der zunehmenden Fremdenfeindlichkeit kann man die Schuld nicht einzelnen Gruppierungen zuweisen. Das Zusammenspiel aus Politik und Medien, vor dem Hintergrund der Verschlechterung der Arbeits- und Lebensbedingungen der letzten Jahre, ergibt jedoch eine explosive Mischung, die ein Klima der Angst schafft, und Gewaltausbr\u00fcche wie diesen in Norwegen beg\u00fcnstigen.<\/p>\n<p>F\u00fcr Rassismus, Nationalismus und Fremdenfeindlichkeit ist kein Platz und wir leisten aktiv Widerstand dagegen. Wir stehen ein f\u00fcr eine Welt in der die Arbeitenden und die Besitzenden der Produktionsmittel die selben sind, in der Herkunft, Religion und Aussehen keine Rolle spielen.<\/p>\n<p>Stoppen wir den Wahnsinn bevor er noch weitere Opfer fordert!<\/p>\n<p>Weg mit dem Konstrukt von Nation und Rasse<br \/>\nF\u00fcr uns gibt es nur eins Klasse gegen Klasse!<\/p>\n<p><em>Unterst\u00fctzende: Bir-Kar, IDHF, IGIF, Neue PdA Basel, Revolution\u00e4rer Aufbau Basel, Revolution\u00e4res Proletariat, Unia Jugend Nordwestschweiz, Young Struggle und Einzelpersonen <\/em><\/p>\n","protected":false},"excerpt":{"rendered":"<p>Das Attentat des nationalkonservativen Anders Behring Breivik in Norwegen schockierte Menschen auf der ganzen Welt. Mindestens 76 Menschen verloren dabei ihr Leben. Bedauerlicherweise stufen die Medien dieses Massaker als Tat eines verwirrten und grausamen Einzelt\u00e4ters ein. Doch sie muss im Zusammenhang von Gesellschaft und Politik betrachtet werden. Schliesslich bezog sich der T\u00e4ter in seinem Manif&#8230;est auf erschiedene rechte Parteien und Pers\u00f6nlichkeiten Europas. Sie bildeten den ideologischen N\u00e4hrboden f\u00fcr das Massaker! <a href=\"https:\/\/www.lagota.ch\/?p=790\">Continue reading <span class=\"meta-nav\">&rarr;<\/span><\/a><\/p>\n","protected":false},"author":1,"featured_media":0,"comment_status":"open","ping_status":"open","sticky":false,"template":"","format":"standard","meta":{"footnotes":""},"categories":[13,16,4],"tags":[1149,67,63,66,69,68],"class_list":["post-790","post","type-post","status-publish","format-standard","hentry","category-antifa","category-schweiz","category-veranstaltung","tag-antifa","tag-basel","tag-breivik","tag-demo","tag-svp","tag-widerstand"],"_links":{"self":[{"href":"https:\/\/www.lagota.ch\/index.php?rest_route=\/wp\/v2\/posts\/790","targetHints":{"allow":["GET"]}}],"collection":[{"href":"https:\/\/www.lagota.ch\/index.php?rest_route=\/wp\/v2\/posts"}],"about":[{"href":"https:\/\/www.lagota.ch\/index.php?rest_route=\/wp\/v2\/types\/post"}],"author":[{"embeddable":true,"href":"https:\/\/www.lagota.ch\/index.php?rest_route=\/wp\/v2\/users\/1"}],"replies":[{"embeddable":true,"href":"https:\/\/www.lagota.ch\/index.php?rest_route=%2Fwp%2Fv2%2Fcomments&post=790"}],"version-history":[{"count":2,"href":"https:\/\/www.lagota.ch\/index.php?rest_route=\/wp\/v2\/posts\/790\/revisions"}],"predecessor-version":[{"id":792,"href":"https:\/\/www.lagota.ch\/index.php?rest_route=\/wp\/v2\/posts\/790\/revisions\/792"}],"wp:attachment":[{"href":"https:\/\/www.lagota.ch\/index.php?rest_route=%2Fwp%2Fv2%2Fmedia&parent=790"}],"wp:term":[{"taxonomy":"category","embeddable":true,"href":"https:\/\/www.lagota.ch\/index.php?rest_route=%2Fwp%2Fv2%2Fcategories&post=790"},{"taxonomy":"post_tag","embeddable":true,"href":"https:\/\/www.lagota.ch\/index.php?rest_route=%2Fwp%2Fv2%2Ftags&post=790"}],"curies":[{"name":"wp","href":"https:\/\/api.w.org\/{rel}","templated":true}]}}