{"id":793,"date":"2011-08-02T15:34:19","date_gmt":"2011-08-02T13:34:19","guid":{"rendered":"http:\/\/www.lagota.ch\/?p=793"},"modified":"2011-08-02T15:34:19","modified_gmt":"2011-08-02T13:34:19","slug":"ein-gesprach-mit-einem-agyptischen-aktivisten","status":"publish","type":"post","link":"https:\/\/www.lagota.ch\/?p=793","title":{"rendered":"Ein Gespr\u00e4ch mit einem \u00e4gyptischen Aktivisten"},"content":{"rendered":"<p>Quelle: <a href=\"http:\/\/uprising.blogsport.de\/2011\/08\/01\/ein-gespraech-mit-einem-aegyptischen-aktivisten\/#more-625\" target=\"_blank\">http:\/\/uprising.blogsport.de\/2011\/08\/01\/ein-gespraech-mit-einem-aegyptischen-aktivisten\/#more-625<\/a><br \/>\n<a href=\"https:\/\/www.lagota.ch\/wp-content\/uploads\/screen-shot-2011-02-19-at-4-08-21-pm.png\"><img loading=\"lazy\" decoding=\"async\" class=\"alignright size-full wp-image-794\" title=\"screen-shot-2011-02-19-at-4-08-21-pm\" src=\"https:\/\/www.lagota.ch\/wp-content\/uploads\/screen-shot-2011-02-19-at-4-08-21-pm.png\" alt=\"\" width=\"419\" height=\"253\" srcset=\"https:\/\/www.lagota.ch\/wp-content\/uploads\/screen-shot-2011-02-19-at-4-08-21-pm.png 620w, https:\/\/www.lagota.ch\/wp-content\/uploads\/screen-shot-2011-02-19-at-4-08-21-pm-300x181.png 300w\" sizes=\"auto, (max-width: 419px) 100vw, 419px\" \/><\/a>Die \u00e4gyptische Revolution wurde von einer heranwachsenden Jugend getragen. Doch nur wenige Monate nach den turbulenten Geschehnissen im Fr\u00fchjahr sind ihre Rufe bereits verhallt. Was ist aus ihnen geworden und was wollen sie nun, wo Mubarak aus dem Amt geworfen wurde? Um diesen Fragen nachzusp\u00fcren, trafen die Geschichts-Studenten Anton Lenz und Matthias Schultheiss den \u00e4gyptischen Aktivisten Mohammed in Alexandria.<\/p>\n<p>Auf den Schultern eines st\u00e4mmigen \u00c4gypters sitzend, br\u00fcllt Mohammed eine der Parolen in das Megaphon in seiner Hand, wie sie 18 Tage lang in ganz \u00c4gypten zu h\u00f6ren waren: \u201eIrhal ya Mubarak \u2013 Verschwinde, Mubarak!\u201c. Der Slogan wird von Tausenden von \u00c4gyptern aufgegriffen, die mit ihm zusammen durch Alexandria ziehen. Das war am 25. Januar, am Anfang der \u00e4gyptischen Revolution.<br \/>\nMohammed ist 22 Jahre alt und stolz auf dieses und weitere Videos, die er uns auf seinem Laptop zeigt. Wir sitzen in dem k\u00fcrzlich er\u00f6ffneten Zentrum der \u201eJugend f\u00fcr Gerechtigkeit und Freiheit\u201c in Alexandria, deren \u00f6rtlicher Vorsitzender er ist. Die Bewegung, wie er sie nennt, gab es bereits vor der Revolution. Doch nie hatte sie so viele Anh\u00e4nger und nie zuvor genossen diese so viele Freiheiten. In jeder gr\u00f6\u00dferen \u00e4gyptischen Stadt seien sie nun vertreten, sagt uns Mohammed.<\/p>\n<p>Und tats\u00e4chlich, w\u00e4hrend wir sprechen, betreten immer wieder junge \u00c4gypter und \u00c4gypterinnen das frisch gestrichene und mit zahlreichen St\u00fchlen best\u00fcckte Zentrum, setzen sich kurz zu uns, h\u00f6ren Mohammed zu, wie er uns von den politisch-linken Forderungen der Jugendgruppe erz\u00e4hlt, erg\u00e4nzen ihn, und verschwinden wieder gesch\u00e4ftig in einen der anderen R\u00e4ume. F\u00fcr diese Art von Austausch h\u00e4tten sie das Zentrum gegr\u00fcndet. Die Miete teilen sie unter den knapp 50 st\u00e4ndigen Mitgliedern auf.<br \/>\nDie Entfaltung dieser Jugendgruppe reiht sich damit in einen Politisierungsprozess ein, der ganz \u00c4gypten erfasst hat. Die Politik hat den Fu\u00dfball als wichtigstes Gespr\u00e4chsthema in den Stra\u00dfen und Cafes abgel\u00f6st. So berichtete Aljazeera k\u00fcrzlich, dass knapp 80 Parteien dabei seien, ihre Zulassung f\u00fcr die Parlamentswahlen im September diesen Jahres zu beantragen. Bis zur Wahl k\u00f6nnten es 100 werden.<\/p>\n<p>Aber sobald wir auf das zusprechen kommen, was \u00c4gypten bevorsteht, verfinstert sich Mohammeds Miene. \u201eSie sind dabei, uns die Revolution zu rauben\u201c, sagt er uns, und meint damit das \u00e4gyptische Milit\u00e4r. Seiner Meinung nach ist das Milit\u00e4r Teil des alten System unter Mubarak. Deshalb sei die Revolution bei Weitem noch nicht zu Ende, denn was br\u00e4chten die errungenen Freiheiten, wenn sich an der sozialen Ungleichheit im Land bisher kaum etwas ge\u00e4ndert hat. Immerhin w\u00e4re dies neben Freiheit und dem R\u00fccktritt Mubaraks die wichtigste Forderung der Demonstranten gewesen. Weiterhin lebe ein F\u00fcnftel der \u00c4gypter unterhalb der Armutsgrenze, ein weiteres F\u00fcnftel nur knapp dar\u00fcber. Die \u201eJugend f\u00fcr Gerechtigkeit und Freiheit\u201c setze sich deshalb zun\u00e4chst f\u00fcr mehr soziale Gerechtigkeit ein, wie es der Name der Jugendgruppe bereits nahe legt, und erst danach f\u00fcr Freiheit.<\/p>\n<p>Ihre Forderungen vermischen sich mit genereller Kapitalismuskritik. Mohammed nennt sich Sozialist, seine politischen Ziele, wie ein K\u00fcndigungsschutz oder eine verbesserte soziale Absicherung, stehen dabei aber nicht grunds\u00e4tzlich im Widerspruch zu einer sozialen Marktwirtschaft. Wir fragen ihn, was er von der aktuellen Debatte in \u00c4gypten halte, ob zuerst die Verfassung ver\u00e4ndert oder das Parlament gew\u00e4hlt werden solle. \u201eDie Armen zuerst\u201c, so sein kurzes aber klares Statement.<\/p>\n<p>Solange das Milit\u00e4r nicht in einen Dialog mit der Jugend \u00c4gyptens trete, werde sich nichts ver\u00e4ndern. Schlie\u00dflich seien 50 Prozent der \u00c4gypter unter 35 Jahre alt. Um dieser Gruppe eine st\u00e4rkere Stimme in der Politik zu geben, solle zum Beispiel das Mindestalter von Parlamentariern von 30 auf 25 Jahre herunter gesetzt werden. Denn auch wenn die linken Gruppierungen im Vergleich zu den Muslimbr\u00fcdern oder den Liberalen relativ schwach seien, ist sich Mohammed sicher, dass die Mehrheit der \u00e4gyptischen Jugend eigentlich die Ziele der Linken gut hei\u00dfe \u2013 lediglich das politische Konzept dahinter sei ihnen fremd.<\/p>\n<p>Dann wendet sich Mohammed wieder seinem Laptop zu und zeigt uns weitere Videos und Fotos von den Geschehnissen im Januar und Februar. Wir sehen lachende Gesichter, die \u00e4gyptische Fahne auf die Wangen gemalt. Riesige Menschenmengen feiern ausgelassen Mubaraks R\u00fccktritt. Auch Mohammeds Gesicht hellt sich wieder auf.<\/p>\n","protected":false},"excerpt":{"rendered":"<p>Die \u00e4gyptische Revolution wurde von einer heranwachsenden Jugend getragen. Doch nur wenige Monate nach den turbulenten Geschehnissen im Fr\u00fchjahr sind ihre Rufe bereits verhallt. Was ist aus ihnen geworden und was wollen sie nun, wo Mubarak aus dem Amt geworfen wurde? Um diesen Fragen nachzusp\u00fcren, trafen die Geschichts-Studenten Anton Lenz und Matthias Schultheiss den \u00e4gyptischen Aktivisten Mohammed in Alexandria. <a href=\"https:\/\/www.lagota.ch\/?p=793\">Continue reading <span class=\"meta-nav\">&rarr;<\/span><\/a><\/p>\n","protected":false},"author":1,"featured_media":0,"comment_status":"open","ping_status":"open","sticky":false,"template":"","format":"standard","meta":{"footnotes":""},"categories":[14,10,6],"tags":[31,73,72,70,32,71],"class_list":["post-793","post","type-post","status-publish","format-standard","hentry","category-arbeitskampf","category-aus-aller-welt","category-news","tag-agypten","tag-facebook","tag-jugend","tag-mubarak","tag-revolution","tag-sozialist"],"_links":{"self":[{"href":"https:\/\/www.lagota.ch\/index.php?rest_route=\/wp\/v2\/posts\/793","targetHints":{"allow":["GET"]}}],"collection":[{"href":"https:\/\/www.lagota.ch\/index.php?rest_route=\/wp\/v2\/posts"}],"about":[{"href":"https:\/\/www.lagota.ch\/index.php?rest_route=\/wp\/v2\/types\/post"}],"author":[{"embeddable":true,"href":"https:\/\/www.lagota.ch\/index.php?rest_route=\/wp\/v2\/users\/1"}],"replies":[{"embeddable":true,"href":"https:\/\/www.lagota.ch\/index.php?rest_route=%2Fwp%2Fv2%2Fcomments&post=793"}],"version-history":[{"count":2,"href":"https:\/\/www.lagota.ch\/index.php?rest_route=\/wp\/v2\/posts\/793\/revisions"}],"predecessor-version":[{"id":796,"href":"https:\/\/www.lagota.ch\/index.php?rest_route=\/wp\/v2\/posts\/793\/revisions\/796"}],"wp:attachment":[{"href":"https:\/\/www.lagota.ch\/index.php?rest_route=%2Fwp%2Fv2%2Fmedia&parent=793"}],"wp:term":[{"taxonomy":"category","embeddable":true,"href":"https:\/\/www.lagota.ch\/index.php?rest_route=%2Fwp%2Fv2%2Fcategories&post=793"},{"taxonomy":"post_tag","embeddable":true,"href":"https:\/\/www.lagota.ch\/index.php?rest_route=%2Fwp%2Fv2%2Ftags&post=793"}],"curies":[{"name":"wp","href":"https:\/\/api.w.org\/{rel}","templated":true}]}}