{"id":803,"date":"2011-08-04T16:51:18","date_gmt":"2011-08-04T14:51:18","guid":{"rendered":"http:\/\/www.lagota.ch\/?p=803"},"modified":"2011-08-04T16:51:18","modified_gmt":"2011-08-04T14:51:18","slug":"oskar-bluntschli","status":"publish","type":"post","link":"https:\/\/www.lagota.ch\/?p=803","title":{"rendered":"Oskar Bluntschli"},"content":{"rendered":"<p><a href=\"https:\/\/www.lagota.ch\/wp-content\/uploads\/bye-bye-30-percent.jpg\"><img loading=\"lazy\" decoding=\"async\" class=\"alignright size-medium wp-image-804\" title=\"bye bye 30 percent\" src=\"https:\/\/www.lagota.ch\/wp-content\/uploads\/bye-bye-30-percent-300x300.jpg\" alt=\"\" width=\"300\" height=\"300\" srcset=\"https:\/\/www.lagota.ch\/wp-content\/uploads\/bye-bye-30-percent-300x300.jpg 300w, https:\/\/www.lagota.ch\/wp-content\/uploads\/bye-bye-30-percent-150x150.jpg 150w, https:\/\/www.lagota.ch\/wp-content\/uploads\/bye-bye-30-percent-1024x1024.jpg 1024w, https:\/\/www.lagota.ch\/wp-content\/uploads\/bye-bye-30-percent.jpg 2008w\" sizes=\"auto, (max-width: 300px) 100vw, 300px\" \/><\/a>Im Herbst 2011 werden die eidgen\u00f6ssischen R\u00e4te neu gew\u00e4hlt. Die SVP will mit einer gegen Ausl\u00e4nderinnen und Ausl\u00e4nder gerichteten Propaganda die 30 Prozent-H\u00fcrde knacken. Ihre Inserate und Plakate pr\u00e4gen im Sp\u00e4tsommer und Herbst die \u00f6ffentliche Wahrnehmung. <strong>Unz\u00e4hlige Menschen in der Schweiz f\u00fchlen sich durch diese Propaganda bel\u00e4stigt.<\/strong><\/p>\n<p>Die IG Oskar Bluntschli ruft Kulturschaffende zur \u00f6ffentlichen Intervention auf. Gegen die rechtspopulistische Bel\u00e4stigung. Mit Gestaltung, Musik, Kunst und Texten. Dort, wo du lebst und arbeitest. Und im Internet unter<\/p>\n<p><a href=\"http:\/\/www.oskarbluntschli.ch\" target=\"_blank\">www.oskarbluntschli.ch<\/a><\/p>\n<p>Oskars Ziel: Den Rechtspopulisten im Herbst den Wahlsieg versalzen. Dazu m\u00fcssen m\u00f6glichst viele an die Urne bewegt werden \u2013 auch die, die normalerweise nicht w\u00e4hlen gehen.<\/p>\n<p>Mache mit!*** Unterst\u00fctze Oskar mit einem eigenen Beitrag! ***Unterschreibe f\u00fcr Oskar!*** Leite diesen Aufruf und Link deinen Freundinnen und Freunden weiter!*** Geh am 23. Oktober w\u00e4hlen!<\/p>\n","protected":false},"excerpt":{"rendered":"<p>Die IG Oskar Bluntschli ruft Kulturschaffende zur \u00f6ffentlichen Intervention auf. Gegen die rechtspopulistische Bel\u00e4stigung. Mit Gestaltung, Musik, Kunst und Texten. Dort, wo du lebst und arbeitest. Und im Internet unter www.oskarbluntschli.ch <a href=\"https:\/\/www.lagota.ch\/?p=803\">Continue reading <span class=\"meta-nav\">&rarr;<\/span><\/a><\/p>\n","protected":false},"author":1,"featured_media":0,"comment_status":"open","ping_status":"open","sticky":false,"template":"","format":"standard","meta":{"footnotes":""},"categories":[6,16],"tags":[],"class_list":["post-803","post","type-post","status-publish","format-standard","hentry","category-news","category-schweiz"],"_links":{"self":[{"href":"https:\/\/www.lagota.ch\/index.php?rest_route=\/wp\/v2\/posts\/803","targetHints":{"allow":["GET"]}}],"collection":[{"href":"https:\/\/www.lagota.ch\/index.php?rest_route=\/wp\/v2\/posts"}],"about":[{"href":"https:\/\/www.lagota.ch\/index.php?rest_route=\/wp\/v2\/types\/post"}],"author":[{"embeddable":true,"href":"https:\/\/www.lagota.ch\/index.php?rest_route=\/wp\/v2\/users\/1"}],"replies":[{"embeddable":true,"href":"https:\/\/www.lagota.ch\/index.php?rest_route=%2Fwp%2Fv2%2Fcomments&post=803"}],"version-history":[{"count":3,"href":"https:\/\/www.lagota.ch\/index.php?rest_route=\/wp\/v2\/posts\/803\/revisions"}],"predecessor-version":[{"id":807,"href":"https:\/\/www.lagota.ch\/index.php?rest_route=\/wp\/v2\/posts\/803\/revisions\/807"}],"wp:attachment":[{"href":"https:\/\/www.lagota.ch\/index.php?rest_route=%2Fwp%2Fv2%2Fmedia&parent=803"}],"wp:term":[{"taxonomy":"category","embeddable":true,"href":"https:\/\/www.lagota.ch\/index.php?rest_route=%2Fwp%2Fv2%2Fcategories&post=803"},{"taxonomy":"post_tag","embeddable":true,"href":"https:\/\/www.lagota.ch\/index.php?rest_route=%2Fwp%2Fv2%2Ftags&post=803"}],"curies":[{"name":"wp","href":"https:\/\/api.w.org\/{rel}","templated":true}]}}