{"id":849,"date":"2011-08-29T16:02:32","date_gmt":"2011-08-29T14:02:32","guid":{"rendered":"http:\/\/www.lagota.ch\/?p=849"},"modified":"2011-08-31T00:28:48","modified_gmt":"2011-08-30T22:28:48","slug":"849","status":"publish","type":"post","link":"https:\/\/www.lagota.ch\/?p=849","title":{"rendered":"Kein Spielraum f\u00fcr Faschisten-Nirgendwo"},"content":{"rendered":"<p><strong><a href=\"https:\/\/www.lagota.ch\/wp-content\/uploads\/Gegen-Nazis.gif\"><img loading=\"lazy\" decoding=\"async\" class=\"alignright size-medium wp-image-850\" title=\"Gegen Nazis\" src=\"https:\/\/www.lagota.ch\/wp-content\/uploads\/Gegen-Nazis-245x300.gif\" alt=\"\" width=\"245\" height=\"300\" srcset=\"https:\/\/www.lagota.ch\/wp-content\/uploads\/Gegen-Nazis-245x300.gif 245w, https:\/\/www.lagota.ch\/wp-content\/uploads\/Gegen-Nazis.gif 284w\" sizes=\"auto, (max-width: 245px) 100vw, 245px\" \/><\/a>Am 10. September 2011 soll im Raum St.Gallen das \u201eEuropa-Fest\u201c der Europ\u00e4ischen Aktion stattfinden.<br \/>\nLaut Eigendarstellung versteht sich die \u201eEurop\u00e4ische Aktion\u201c als \u201eBewegung eines neuen europ\u00e4ischen Selbstbewusstseins\u201c, die \u201ejene Europ\u00e4er vereinen\u201c will, \u201edie den \u2018american way of life\u2018 samt der \u2018pax americana\u2018 satt haben und die Verlogenheit und Ver\u00e4chtlichkeit der \u2018Political Correctness\u2018 und des gesamten gegenw\u00e4rtigen Systems durchschauen\u201c. Hinter den Anschl\u00e4gen des norwegischen Massenm\u00f6rders Anders Breivik vom 22. Juli vermutet die \u201eEurop\u00e4ische Aktion\u201c eine \u201edurchsichtige Geheimdienstaktion\u201c gegen die \u201eentstehende europ\u00e4ische Widerstandsbewegung gegen Globalisierung und Nivellierung\u201c. Ziel der \u201eEurop\u00e4ischen Aktion\u201c ist es, \u201edie US-h\u00f6rige EU durch eine Europ\u00e4ische Eidgenossenschaft zu ersetzen, die Europa wieder zum handelnden Subjekt statt zum Spielball der Weltpolitik machen wird\u201c.<\/strong><\/p>\n<p>Im Rahmen der Veranstaltung werden der Burschenschafter und NPD-Funktion\u00e4r Rigolf Hennig, der geb\u00fcrtige Berner Bernhard Schaub (Gr\u00fcnder des seit 2007 verbotenen \u201eVereins zur Rehabilitierung der wegen Bestreitens des Holocaust Verfolgten\u201c) sowie weitere bekennende Rechtsextremisten und Holocaustleugner aus ganz Europa referieren.<br \/>\nAnschliessend soll musiziert und gemeinsam getanzt werden.<\/p>\n<p>Ein friedliches Fest f\u00fcr Rassisten, Faschisten, Antisemiten und Holocaustleugner?<\/p>\n<p>NICHT MIT UNS! NICHT IN ST.GALLEN UND \u00dcBERHAUPT NIRGENDWO!<\/p>\n<p>UM EUROPA KEINE MAUER- BLEIBERECHT F\u00dcR ALLE UND AUF DAUER!<\/p>\n<p>Aus Angst vor \u201elinker Gegenwehr\u201c wird die EA den Standort der Veranstaltung erst in letzter Sekunde auf ihrer Homepage bekanntgeben( <a href=\"http:\/\/www.europaeische-aktion.org\/\">http:\/\/www.europaeische-aktion.org\/<\/a>).<\/p>\n<p>F\u00fcr uns kein Grund, nicht dazu aufzurufen, am 10. September vor Ort zu sein und uns gemeinsam diesem widerlichen braunen Mob entgegenzustellen!<\/p>\n<p>WEGSEHEN HEISST MITHETZEN!<\/p>\n<p>gegen\u00fcber rechtsextremen Holocaustleugnern!<br \/>\nNULLTOLERANZ gegen\u00fcber \u201egem\u00fctlichen\u201c Treffen von Antisemiten!<br \/>\ngegen\u00fcber Unterst\u00fctzern,Sympathisanten und Wegsehern<\/p>\n<p>gez. B\u00fcndnis gegen Rassismus, Faschismus und Antisemitismus<br \/>\nInfos:  <a href=\"bgrfua@hotmail.de\">bgrfua@hotmail.de<\/a><\/p>\n<p>Quelle: <a href=\"http:\/\/ch.indymedia.org\/de\/2011\/08\/82991.shtml\" target=\"_blank\">http:\/\/ch.indymedia.org\/de\/2011\/08\/82991.shtml<\/a><\/p>\n","protected":false},"excerpt":{"rendered":"<p>Am 10. September 2011 soll im Raum St.Gallen das \u201eEuropa-Fest\u201c der Europ\u00e4ischen Aktion stattfinden.<br \/>\nLaut Eigendarstellung versteht sich die \u201eEurop\u00e4ische Aktion\u201c als \u201eBewegung eines neuen europ\u00e4ischen Selbstbewusstseins\u201c, die \u201ejene Europ\u00e4er vereinen\u201c will, \u201edie den \u2018american way of life\u2018 samt der \u2018pax americana\u2018 satt haben und die Verlogenheit und Ver\u00e4chtlichkeit der \u2018Political Correctness\u2018 und des gesamten gegenw\u00e4rtigen Systems durchschauen\u201c. Hinter den Anschl\u00e4gen des norwegischen Massenm\u00f6rders Anders Breivik vom 22. Juli vermutet die \u201eEurop\u00e4ische Aktion\u201c eine \u201edurchsichtige Geheimdienstaktion\u201c gegen die \u201eentstehende europ\u00e4ische Widerstandsbewegung gegen Globalisierung und Nivellierung\u201c. Ziel der \u201eEurop\u00e4ischen Aktion\u201c ist es, \u201edie US-h\u00f6rige EU durch eine Europ\u00e4ische Eidgenossenschaft zu ersetzen, die Europa wieder zum handelnden Subjekt statt zum Spielball der Weltpolitik machen wird\u201c. <a href=\"https:\/\/www.lagota.ch\/?p=849\">Continue reading <span class=\"meta-nav\">&rarr;<\/span><\/a><\/p>\n","protected":false},"author":1,"featured_media":0,"comment_status":"open","ping_status":"open","sticky":false,"template":"","format":"standard","meta":{"footnotes":""},"categories":[13,16],"tags":[1149,97,96],"class_list":["post-849","post","type-post","status-publish","format-standard","hentry","category-antifa","category-schweiz","tag-antifa","tag-berhard-schaub","tag-europaische-aktion"],"_links":{"self":[{"href":"https:\/\/www.lagota.ch\/index.php?rest_route=\/wp\/v2\/posts\/849","targetHints":{"allow":["GET"]}}],"collection":[{"href":"https:\/\/www.lagota.ch\/index.php?rest_route=\/wp\/v2\/posts"}],"about":[{"href":"https:\/\/www.lagota.ch\/index.php?rest_route=\/wp\/v2\/types\/post"}],"author":[{"embeddable":true,"href":"https:\/\/www.lagota.ch\/index.php?rest_route=\/wp\/v2\/users\/1"}],"replies":[{"embeddable":true,"href":"https:\/\/www.lagota.ch\/index.php?rest_route=%2Fwp%2Fv2%2Fcomments&post=849"}],"version-history":[{"count":4,"href":"https:\/\/www.lagota.ch\/index.php?rest_route=\/wp\/v2\/posts\/849\/revisions"}],"predecessor-version":[{"id":853,"href":"https:\/\/www.lagota.ch\/index.php?rest_route=\/wp\/v2\/posts\/849\/revisions\/853"}],"wp:attachment":[{"href":"https:\/\/www.lagota.ch\/index.php?rest_route=%2Fwp%2Fv2%2Fmedia&parent=849"}],"wp:term":[{"taxonomy":"category","embeddable":true,"href":"https:\/\/www.lagota.ch\/index.php?rest_route=%2Fwp%2Fv2%2Fcategories&post=849"},{"taxonomy":"post_tag","embeddable":true,"href":"https:\/\/www.lagota.ch\/index.php?rest_route=%2Fwp%2Fv2%2Ftags&post=849"}],"curies":[{"name":"wp","href":"https:\/\/api.w.org\/{rel}","templated":true}]}}