{"id":887,"date":"2011-09-28T13:08:39","date_gmt":"2011-09-28T11:08:39","guid":{"rendered":"http:\/\/www.lagota.ch\/?p=887"},"modified":"2011-09-28T19:01:35","modified_gmt":"2011-09-28T17:01:35","slug":"gesamtschweizerische-grossdemo-%c2%abschluss-mit-der-heuchelei%c2%bb-am-1-oktober-2011","status":"publish","type":"post","link":"https:\/\/www.lagota.ch\/?p=887","title":{"rendered":"Gesamtschweizerische Grossdemo \u00abSchluss mit der Heuchelei!\u00bb am 1. Oktober 2011"},"content":{"rendered":"<p><strong>Gesamtschweizerische Grossdemo \u00abSchluss mit der Heuchelei!\u00bb<br \/>\nKein Mensch ist illegal! Regularisierung jetzt!<\/strong><\/p>\n<p><a href=\"https:\/\/www.lagota.ch\/wp-content\/uploads\/plaki_demo_web_300x424.png\"><img loading=\"lazy\" decoding=\"async\" class=\"alignright size-full wp-image-888\" title=\"plaki_demo_web_300x424\" src=\"https:\/\/www.lagota.ch\/wp-content\/uploads\/plaki_demo_web_300x424.png\" alt=\"\" width=\"300\" height=\"424\" srcset=\"https:\/\/www.lagota.ch\/wp-content\/uploads\/plaki_demo_web_300x424.png 300w, https:\/\/www.lagota.ch\/wp-content\/uploads\/plaki_demo_web_300x424-212x300.png 212w\" sizes=\"auto, (max-width: 300px) 100vw, 300px\" \/><\/a>Es ist wieder an der Zeit: Am Samstag, dem 1. Oktober 2011 findet in Bern die n\u00e4chste gesamtschweizerische Grossdemo unter dem Motto \u00abSchluss mit der Heuchelei!\u00bb statt. Zu Tausenden m\u00fcssen wir einmal mehr gegen die fremdenfeindliche Asyl- und Ausl\u00e4nderpolitik in der Schweiz protestieren!<\/p>\n<p>In der Politik gegen\u00fcber Sans-Papiers zeigt sich die Fremdenfeindlichkeit aktuell von ihrer schlimmsten Seite: \u00dcber 100`000 Sans-Papiers leben in der Schweiz &#8211; Sie sind Menschen wie alle anderen SchweizerInnen auch und gehen gr\u00f6sstenteils einer geregelten Arbeit nach. Und doch gibt es einen riesigen Unterschied: Sie haben keine Papiere! Sie sind Illegalisierte! Sie  leben mit der st\u00e4ndigen Angst, von der Polizei kontrolliert, verhaftet und ausgeschafft zu werden.<\/p>\n<p><strong>Wir fordern: Kein Mensch ist illegal! Regularisierung jetzt!<\/strong><\/p>\n<p>Der st\u00e4ndige Zustand der Angst verhindert, dass Sans-Papiers existenzielle Rechte beanspruchen k\u00f6nnen. In der \u00d6ffentlichkeit werden sie zum Spielball der Rechten \u2013 sie werden als S\u00fcndenb\u00f6cke gebrandmarkt, als Kriminelle diffamiert, gefesselt, geschlagen und ausgeschafft.<\/p>\n<p>Deshalb rufen wir f\u00fcr den 1. Oktober 2011 zu einer gesamtschweizerischen Demo auf! Wir zeigen, dass es uns gibt, dass wir viele sind und dass wir uns nicht stillschweigend mit der aktuellen Politik und der neuerlich angelaufenen fremdenfeindlichen Kampagne der SVP einverstanden zeigen! Alle Infos unter <a href=\"www.sanspapiers-bewegung.ch\" target=\"_blank\">www.sanspapiers-bewegung.ch<\/a><\/p>\n<p>Solidarit\u00e9 sans fronti\u00e8res<\/p>\n<p><strong>Samstag | 1. Oktober 2011 | Bern<\/strong><br \/>\nBesammlung: 14.30h | Sch\u00fctzenmatte Bern<br \/>\nSchlusskundgebung: ca. 17.00h | Sch\u00fctzenmatte Bern<\/p>\n<p>Kein Mensch ist illegal!<br \/>\nSchluss mit der Heuchelei!<br \/>\nRegularisierung jetzt!<\/p>\n<hr \/>\n<p><strong>Anschliessend: FESTIVAL &#8220;Grenzen sprengen!&#8221;<\/strong><\/p>\n<p><a href=\"http:\/\/www.grenzen-sprengen.ch\/\">www.grenzen-sprengen.ch<\/a><br \/>\n<a href=\"http:\/\/www.unia.ch\/jugend\">www.unia.ch\/jugend<\/a><br \/>\nQuelle: <a href=\"http:\/\/www.sanspapiers-bewegung.ch\/de\/demo.html\" target=\"_blank\">http:\/\/www.sanspapiers-bewegung.ch\/de\/demo.html<\/a><\/p>\n","protected":false},"excerpt":{"rendered":"<p><strong>Gesamtschweizerische Grossdemo \u00abSchluss mit der Heuchelei!\u00bb<br \/>\nKein Mensch ist illegal! Regularisierung jetzt!<br \/><\/strong><br \/>\n<br \/>\nEs ist wieder an der Zeit: Am Samstag, dem 1. Oktober 2011 findet in Bern die n\u00e4chste gesamtschweizerische Grossdemo unter dem Motto \u00abSchluss mit der Heuchelei!\u00bb statt. Zu Tausenden m\u00fcssen wir einmal mehr gegen die fremdenfeindliche Asyl- und Ausl\u00e4nderpolitik in der Schweiz protestieren! <a href=\"https:\/\/www.lagota.ch\/?p=887\">Continue reading <span class=\"meta-nav\">&rarr;<\/span><\/a><\/p>\n","protected":false},"author":1,"featured_media":0,"comment_status":"open","ping_status":"open","sticky":false,"template":"","format":"standard","meta":{"footnotes":""},"categories":[13,16,4],"tags":[66,120,103,119,118],"class_list":["post-887","post","type-post","status-publish","format-standard","hentry","category-antifa","category-schweiz","category-veranstaltung","tag-demo","tag-heuchelei","tag-rassismus","tag-regularisierung","tag-sans-papiers"],"_links":{"self":[{"href":"https:\/\/www.lagota.ch\/index.php?rest_route=\/wp\/v2\/posts\/887","targetHints":{"allow":["GET"]}}],"collection":[{"href":"https:\/\/www.lagota.ch\/index.php?rest_route=\/wp\/v2\/posts"}],"about":[{"href":"https:\/\/www.lagota.ch\/index.php?rest_route=\/wp\/v2\/types\/post"}],"author":[{"embeddable":true,"href":"https:\/\/www.lagota.ch\/index.php?rest_route=\/wp\/v2\/users\/1"}],"replies":[{"embeddable":true,"href":"https:\/\/www.lagota.ch\/index.php?rest_route=%2Fwp%2Fv2%2Fcomments&post=887"}],"version-history":[{"count":4,"href":"https:\/\/www.lagota.ch\/index.php?rest_route=\/wp\/v2\/posts\/887\/revisions"}],"predecessor-version":[{"id":891,"href":"https:\/\/www.lagota.ch\/index.php?rest_route=\/wp\/v2\/posts\/887\/revisions\/891"}],"wp:attachment":[{"href":"https:\/\/www.lagota.ch\/index.php?rest_route=%2Fwp%2Fv2%2Fmedia&parent=887"}],"wp:term":[{"taxonomy":"category","embeddable":true,"href":"https:\/\/www.lagota.ch\/index.php?rest_route=%2Fwp%2Fv2%2Fcategories&post=887"},{"taxonomy":"post_tag","embeddable":true,"href":"https:\/\/www.lagota.ch\/index.php?rest_route=%2Fwp%2Fv2%2Ftags&post=887"}],"curies":[{"name":"wp","href":"https:\/\/api.w.org\/{rel}","templated":true}]}}