{"id":936,"date":"2011-10-14T12:14:47","date_gmt":"2011-10-14T10:14:47","guid":{"rendered":"http:\/\/www.lagota.ch\/?p=936"},"modified":"2011-11-09T12:09:09","modified_gmt":"2011-11-09T10:09:09","slug":"todesstrafe-fur-mumia-vom-supreme-court-abgeschmettert","status":"publish","type":"post","link":"https:\/\/www.lagota.ch\/?p=936","title":{"rendered":"Todesstrafe f\u00fcr Mumia vom Supreme Court abgeschmettert"},"content":{"rendered":"<p><strong><a href=\"https:\/\/www.lagota.ch\/wp-content\/uploads\/mumiaplakat4.jpg\"><img loading=\"lazy\" decoding=\"async\" class=\"alignright size-medium wp-image-937\" title=\"Freiheit f\u00fcr Mumia Abu-Jamal\" src=\"https:\/\/www.lagota.ch\/wp-content\/uploads\/mumiaplakat4-212x300.jpg\" alt=\"\" width=\"212\" height=\"300\" srcset=\"https:\/\/www.lagota.ch\/wp-content\/uploads\/mumiaplakat4-212x300.jpg 212w, https:\/\/www.lagota.ch\/wp-content\/uploads\/mumiaplakat4.jpg 550w\" sizes=\"auto, (max-width: 212px) 100vw, 212px\" \/><\/a>Der Supreme Court hat am 11. Oktober den Antrag der Staatsanwaltschaft auf erneute Einsetzung der Todesstrafe f\u00fcr Mumia abgelehnt!!<\/strong><\/p>\n<p>Ein weiterer grosser Etappensieg! Mehr Infos:<\/p>\n<p><a href=\"http:\/\/abclocal.go.com\/wpvi\/story?section=news\/local&amp;id=8387324\" target=\"_blank\">http:\/\/abclocal.go.com\/wpvi\/story?section=news\/local&amp;id=8387324<\/a><\/p>\n<h1><strong>Die Kampagne &#8211; genug ist genug!<\/strong><\/h1>\n<p>Das grausige Jubil\u00e4um von 30 Jahren Todestrakt nehmen wir zum Anlass f\u00fcr eine Freilassungskampagne f\u00fcr Mumia Abu-Jamal.<\/p>\n<p>Die erste weithin sichtbare Aktion ist in und vor der Buchmesse in Frankfurt vom 12. &#8211; 16. Oktober 2011. Dort werden an den St\u00e4nden vieler Verlage Tafeln mit einem Foto von Mumia stehen.<\/p>\n<p>Am Samstag, den 15. Oktober veranstalten wir auf dem grossen Platz vor dem Eingang der Buchmesse ein Act-In mit 30 Aktivist_Innen in organgefarbenen Gefangenen-Overalls hinter Gitterst\u00e4ben, von denen eine\/r nach dem\/r anderen vortreten und einen Text von\/\u00fcber\/f\u00fcr Mumia und die anderen Gefangenen im Todestrakt vortragen wird.<\/p>\n<p>Im Zentrum der Aktionen werden der 9. Dezember 2011 (Jahrestag der Verhaftung) und der 10. Dezember 2011 (Internationaler Tag der Menschenrechte) mit Veranstaltungen in zahlreichen St\u00e4dten stehen.<\/p>\n<p>Abschluss der Kampagne wird Mumias 30. Geburtstag im Todestrakt sein &#8211; der 24. April 2012. F\u00fcr Samstag, den 21. April 2012 planen wir eine grosse Demonstration mit Act-In vor der US-Botschaft in Berlin.<\/p>\n<p><strong>AUFRUF zum Kampagnen-Auftakt in Frankfurt &#8211; kommt zahlreich!<\/strong><\/p>\n<p>&#8220;30 Jahre im Trakt &#8211; 30 Jahre zu viel &#8211; Freiheit f\u00fcr Mumia!&#8221;<br \/>\n&#8220;Read for Mumia &#8211; Freiheit ist m\u00f6glich&#8221;<br \/>\nPlatz vor der Frankfurter Buchmesse am 15.10.2011 von 14 &#8211; 18 Uhr<\/p>\n<p>Kommt zahlreich!<\/p>\n<p><strong> Radio-Trailer:<\/strong><br \/>\nAm kommenden Samstag, den 15. Oktober, werden Menschen in die Finanzzentren des Landes ziehen, um gegen die lebensfeindlichen Auswirkungen der kapitalistischen Ordnung zu protestieren. W\u00e4hrend nach dem New Yorker Vorbild z.B. &#8220;Occupy&#8221; Aktionen in der Frankfurter City vorbereitet werden, finden dort auch Proteste gegen die Todesstrafe, die Gef\u00e4ngnisindustrie und die Inhaftierung politischer Gefangener statt. Zentrale Forderung ist nach beinahe 30 Jahren Haft die Freilassung von Mumia Abu-Jamal in den USA.<\/p>\n<p>Wir sprachen mit Annette Schiffmann (Netzwerk gegen die Todesstrafe \/ Free Mumia Heidelberg) \u00fcber die geplante Aktion. Das Interview befindet sich zum Anh\u00f6ren, Download und zur freien Wiederverwendung auf <a href=\"http:\/\/www.freie-radios.net\/43515\" target=\"_blank\">http:\/\/www.freie-radios.net\/43515<\/a><\/p>\n","protected":false},"excerpt":{"rendered":"<p>Der Supreme Court hat am 11. Oktober den Antrag der Staatsanwaltschaft auf erneute Einsetzung der Todesstrafe f\u00fcr Mumia abgelehnt! Trotzdem geht der Kampf weiter. Am kommenden Samstag, den 15. Oktober, werden Menschen in die Finanzzentren des Landes ziehen, um gegen die lebensfeindlichen Auswirkungen der kapitalistischen Ordnung zu protestieren. W\u00e4hrend nach dem New Yorker Vorbild z.B. &#8220;Occupy&#8221; Aktionen in der Frankfurter City vorbereitet werden, finden dort auch Proteste gegen die Todesstrafe, die Gef\u00e4ngnisindustrie und die Inhaftierung politischer Gefangener statt. Zentrale Forderung ist nach beinahe 30 Jahren Haft die Freilassung von Mumia Abu-Jamal in den USA.  <a href=\"https:\/\/www.lagota.ch\/?p=936\">Continue reading <span class=\"meta-nav\">&rarr;<\/span><\/a><\/p>\n","protected":false},"author":1,"featured_media":0,"comment_status":"open","ping_status":"open","sticky":false,"template":"","format":"standard","meta":{"footnotes":""},"categories":[10,172,9,15,6],"tags":[],"class_list":["post-936","post","type-post","status-publish","format-standard","hentry","category-aus-aller-welt","category-gefangeneninfos","category-informationskampagne","category-mumia-abu-jamal","category-news"],"_links":{"self":[{"href":"https:\/\/www.lagota.ch\/index.php?rest_route=\/wp\/v2\/posts\/936","targetHints":{"allow":["GET"]}}],"collection":[{"href":"https:\/\/www.lagota.ch\/index.php?rest_route=\/wp\/v2\/posts"}],"about":[{"href":"https:\/\/www.lagota.ch\/index.php?rest_route=\/wp\/v2\/types\/post"}],"author":[{"embeddable":true,"href":"https:\/\/www.lagota.ch\/index.php?rest_route=\/wp\/v2\/users\/1"}],"replies":[{"embeddable":true,"href":"https:\/\/www.lagota.ch\/index.php?rest_route=%2Fwp%2Fv2%2Fcomments&post=936"}],"version-history":[{"count":4,"href":"https:\/\/www.lagota.ch\/index.php?rest_route=\/wp\/v2\/posts\/936\/revisions"}],"predecessor-version":[{"id":940,"href":"https:\/\/www.lagota.ch\/index.php?rest_route=\/wp\/v2\/posts\/936\/revisions\/940"}],"wp:attachment":[{"href":"https:\/\/www.lagota.ch\/index.php?rest_route=%2Fwp%2Fv2%2Fmedia&parent=936"}],"wp:term":[{"taxonomy":"category","embeddable":true,"href":"https:\/\/www.lagota.ch\/index.php?rest_route=%2Fwp%2Fv2%2Fcategories&post=936"},{"taxonomy":"post_tag","embeddable":true,"href":"https:\/\/www.lagota.ch\/index.php?rest_route=%2Fwp%2Fv2%2Ftags&post=936"}],"curies":[{"name":"wp","href":"https:\/\/api.w.org\/{rel}","templated":true}]}}