{"id":990,"date":"2011-11-07T14:24:21","date_gmt":"2011-11-07T12:24:21","guid":{"rendered":"http:\/\/www.lagota.ch\/?p=990"},"modified":"2015-03-27T17:24:24","modified_gmt":"2015-03-27T16:24:24","slug":"neonazis-planen-fackelmarsch-in-zug","status":"publish","type":"post","link":"https:\/\/www.lagota.ch\/?p=990","title":{"rendered":"Neonazis planen Fackelmarsch in Zug"},"content":{"rendered":"<p><strong>Die Betreiber der extrem rechten Luzerner Internetzeitung \u00abinfo8.ch\u00bb wollen am 11. November 2011 als \u00abOccupy Zentralschweiz\u00bb in der Stadt Zug einen Gedenkmarsch durchf\u00fchren &#8211; und damit auf den Zug der popul\u00e4ren \u00abOccupy\u00bb-Bewegung aufspringen. <\/strong><\/p>\n<p><a href=\"https:\/\/www.lagota.ch\/wp-content\/uploads\/banner-dcall-01.gif\"><img loading=\"lazy\" decoding=\"async\" class=\"alignright size-medium wp-image-991\" title=\"banner-dcall-01\" src=\"https:\/\/www.lagota.ch\/wp-content\/uploads\/banner-dcall-01-300x219.gif\" alt=\"\" width=\"300\" height=\"219\" srcset=\"https:\/\/www.lagota.ch\/wp-content\/uploads\/banner-dcall-01-300x219.gif 300w, https:\/\/www.lagota.ch\/wp-content\/uploads\/banner-dcall-01.gif 500w\" sizes=\"auto, (max-width: 300px) 100vw, 300px\" \/><\/a>Dass Neonazis gerne trittbrettfahren oder Bewegungen unterwandern, um ihr krudes Gedankengut unter die Leute zu bringen, ist kein neues Ph\u00e4nomen &#8211; auch nicht im Umfeld der \u00abOccupy\u00bb-Bewegung: Am 15. Oktober verteilten Aktivisten der rechtsextremen \u00abEurop\u00e4ischen Aktion\u00bb um den Holocaustleugner Bernhard Schaub Flugbl\u00e4tter am Rande der Kundgebung \u00abOccupy Paradeplatz\u00bb in Z\u00fcrich. Titel ihres verklausuliert antisemitischen Flyers: \u00abBanken entmachten!\u00bb<\/p>\n<p>Nun sind es die Macher der Internetzeitung \u00abinfo8.ch\u00bb, die f\u00fcr einen \u00abGedenkmarsch f\u00fcr Freiheit statt Spekulation\u00bb nach Zug mobilisieren, um \u00abden Opfern von Rohstoff-Spekulationen zu gedenken\u00bb. Mitbegr\u00fcnder der Plattform \u00abinfo8.ch\u00bb ist der JSVP-Mann Anian Liebrand, der ganz offensichtlich keine Ber\u00fchrungs\u00e4ngste gegen\u00fcber Neonazis kennt: Sein Redaktionskollege Christian Huber ist langj\u00e4hriger Aktivist bei der Partei National Orientierter Schweizer (PNOS). Huber, der das Ressort \u00abOnline\u00bb betreut (und zumindest fr\u00fcher als Webmaster des PNOS-Internetauftritts amtete), liefert auf \u00abinfo8.ch\u00bb regelm\u00e4ssig unkritische Reportagen von PNOS-Anl\u00e4ssen.<\/p>\n<p>\u00abinfo8.ch\u00bb berichtet seit Wochen prominent \u00fcber die \u00abOccupy\u00bb-Bewegung und hat freundschaftliche Bande zur Verschw\u00f6rertruppe \u00abWe Are Change\u00bb (WAC) gekn\u00fcpft, welche die hiesigen \u00abOccupy\u00bb-Kundgebungen mittr\u00e4gt. Der Sprecher von \u00abWe Are Change Switzerland\u00bb ist wiederholt durch antisemitische \u00c4usserungen aufgefallen. Auch pflegt er einen pers\u00f6nlichen Kontakt zum rechtsextremen Autor Jan Udo Holey, der &#8211; teils unter dem Pseudonym \u00abJan van Helsing\u00bb &#8211; mehrere geschichtsrevisionistische und verschw\u00f6rungstheoretische B\u00fccher verfasst hat.<\/p>\n<p><strong>\u00abAl Kreida\u00bb in Luzern<\/strong><\/p>\n<p>Anian Liebrand und seine Mitstreiter bedienen sich zuweilen eher unkonventioneller Mittel: Am 10. September 2011 malten sie Kreidebotschaften auf die Luzerner Seebr\u00fccke und machten so auf die angeblichen M\u00e4ngel der offiziellen 9\/11-Version aufmerksam. Sie griffen damit eine Aktionsform auf, die \u00abWe Are Change\u00bb gerne w\u00e4hlt, um ihre Verschw\u00f6rungstheorien in die \u00d6ffentlichkeit zu tragen.<\/p>\n<p><em>Antifa Bern<\/em><\/p>\n<p>Bemerkung: Diese Medienmitteilung ist nach neuen Infos und Erkenntnissen angepasst worden.<\/p>\n<p>Quelle: http:\/\/ch.indymedia.org\/de\/2011\/11\/84224.shtml<\/p>\n","protected":false},"excerpt":{"rendered":"<p>Die Betreiber der extrem rechten Luzerner Internetzeitung \u00abinfo8.ch\u00bb wollen am 11. November 2011 als \u00abOccupy Zentralschweiz\u00bb in der Stadt Zug einen Gedenkmarsch durchf\u00fchren &#8211; und damit auf den Zug der popul\u00e4ren \u00abOccupy\u00bb-Bewegung aufspringen. <a href=\"https:\/\/www.lagota.ch\/?p=990\">Continue reading <span class=\"meta-nav\">&rarr;<\/span><\/a><\/p>\n","protected":false},"author":1,"featured_media":0,"comment_status":"open","ping_status":"open","sticky":false,"template":"","format":"standard","meta":{"footnotes":""},"categories":[13,11,6,16],"tags":[166,156,167],"class_list":["post-990","post","type-post","status-publish","format-standard","hentry","category-antifa","category-luzern","category-news","category-schweiz","tag-anian-liebrand","tag-occupy","tag-we-are-change"],"_links":{"self":[{"href":"https:\/\/www.lagota.ch\/index.php?rest_route=\/wp\/v2\/posts\/990","targetHints":{"allow":["GET"]}}],"collection":[{"href":"https:\/\/www.lagota.ch\/index.php?rest_route=\/wp\/v2\/posts"}],"about":[{"href":"https:\/\/www.lagota.ch\/index.php?rest_route=\/wp\/v2\/types\/post"}],"author":[{"embeddable":true,"href":"https:\/\/www.lagota.ch\/index.php?rest_route=\/wp\/v2\/users\/1"}],"replies":[{"embeddable":true,"href":"https:\/\/www.lagota.ch\/index.php?rest_route=%2Fwp%2Fv2%2Fcomments&post=990"}],"version-history":[{"count":3,"href":"https:\/\/www.lagota.ch\/index.php?rest_route=\/wp\/v2\/posts\/990\/revisions"}],"predecessor-version":[{"id":2314,"href":"https:\/\/www.lagota.ch\/index.php?rest_route=\/wp\/v2\/posts\/990\/revisions\/2314"}],"wp:attachment":[{"href":"https:\/\/www.lagota.ch\/index.php?rest_route=%2Fwp%2Fv2%2Fmedia&parent=990"}],"wp:term":[{"taxonomy":"category","embeddable":true,"href":"https:\/\/www.lagota.ch\/index.php?rest_route=%2Fwp%2Fv2%2Fcategories&post=990"},{"taxonomy":"post_tag","embeddable":true,"href":"https:\/\/www.lagota.ch\/index.php?rest_route=%2Fwp%2Fv2%2Ftags&post=990"}],"curies":[{"name":"wp","href":"https:\/\/api.w.org\/{rel}","templated":true}]}}